{"id":20939,"date":"2014-03-06T22:35:39","date_gmt":"2014-03-07T03:35:39","guid":{"rendered":"http:\/\/contraluzcucuta.co\/?p=20939"},"modified":"2014-03-08T06:56:22","modified_gmt":"2014-03-08T11:56:22","slug":"marlon-sueno-cumplido","status":"publish","type":"post","link":"https:\/\/contraluzcucuta.co\/?p=20939","title":{"rendered":"Marlon. Sue\u00f1o cumplido"},"content":{"rendered":"<p><b>C\u00daCUTA.-<\/b> Marlon tiene 8 a\u00f1os y es capit\u00e1n de la Polic\u00eda de Carabineros y Gu\u00edas Caninos de C\u00facuta. El ascenso lo recibi\u00f3 en una de las jornadas preventivas, encaminadas a fortalecer los lazos de confianza con la comunidad y el mejoramiento de la calidad de vida de la poblaci\u00f3n infantil.<\/p>\n<p>La Polic\u00eda Metropolitana de C\u00facuta (Mecuc) hizo realidad el sue\u00f1o del ni\u00f1o, ser polic\u00eda. Marlon sufre discapacidad en las extremidades inferiores.\u00a0 Es el tercero de cinco hermanos y al lado de su mam\u00e1 Andrea y su padre Ra\u00fal Antonio. Vive en el barrio Virgilio Barco, en la Comuna 6, donde con carisma alegra la vida de la familia y los vecinos.<\/p>\n<p>El capit\u00e1n Bruno, como se llamar\u00e1 de ahora en adelante, sufre de malformaciones cong\u00e9nitas de cadera, pierna y brazo, por lo cual se le han practicado varias intervenciones quir\u00fargicas. La discapacidad no ha sido inconveniente para continuar con el desarrollo f\u00edsico.<\/p>\n<p>La ilusi\u00f3n de ser polic\u00eda empez\u00f3 hace un a\u00f1o, cuando ingres\u00f3 al Grupo de Polic\u00eda C\u00edvica Juvenil del barrio Aeropuerto. Desde entonces, acompa\u00f1a a la instituci\u00f3n en las actividades c\u00edvico.<\/p>\n<p>Hoy, ese anhelo sue\u00f1o se materializ\u00f3 luego de ingresar a la Polic\u00eda de Carabineros y portar el uniforme de polic\u00eda de esa especialidad, convirti\u00e9ndose en el m\u00e1s peque\u00f1o polic\u00eda de la Mecuc.<\/p>\n<p>Estuvo en las perreras donde los caninos de diferentes razas le robaron m\u00e1s de una sonrisa a este peque\u00f1\u00edn que hoy en un polic\u00eda m\u00e1s de Colombia.<\/p>\n<p>Luego de recibir un detalle, el capit\u00e1n Bruno lleg\u00f3 hasta el Comando de la Polic\u00eda en San Mateo y le dio parte al coronel Gonzalo Carrero P\u00e9rez, comandante de la Mecuc.<\/p>\n<p>El peque\u00f1o capit\u00e1n lleg\u00f3 a las oficinas del Comando en donde por unos minutos se convirti\u00f3 en el comandante de la Mecuc, y tom\u00f3 posesi\u00f3n del escritorio.<\/p>\n<p>&nbsp; <\/p>\n","protected":false},"excerpt":{"rendered":"<p>C\u00daCUTA.- Marlon tiene 8 a\u00f1os y es capit\u00e1n de la Polic\u00eda de Carabineros y Gu\u00edas Caninos de C\u00facuta. El ascenso lo recibi\u00f3 en una de las jornadas preventivas, encaminadas a fortalecer los lazos de confianza con la comunidad y el mejoramiento de la calidad de vida de la poblaci\u00f3n infantil. La Polic\u00eda Metropolitana de C\u00facuta &hellip;<\/p>\n","protected":false},"author":1,"featured_media":20941,"comment_status":"open","ping_status":"open","sticky":false,"template":"","format":"standard","meta":{"footnotes":""},"categories":[11,45],"tags":[323,689,293,1222],"class_list":["post-20939","post","type-post","status-publish","format-standard","has-post-thumbnail","hentry","category-cronica-roja","category-destacado","tag-mecuc","tag-policia-de-carabineros","tag-policia-metropolitana-de-cucuta","tag-sueno-cumplido"],"_links":{"self":[{"href":"https:\/\/contraluzcucuta.co\/index.php?rest_route=\/wp\/v2\/posts\/20939","targetHints":{"allow":["GET"]}}],"collection":[{"href":"https:\/\/contraluzcucuta.co\/index.php?rest_route=\/wp\/v2\/posts"}],"about":[{"href":"https:\/\/contraluzcucuta.co\/index.php?rest_route=\/wp\/v2\/types\/post"}],"author":[{"embeddable":true,"href":"https:\/\/contraluzcucuta.co\/index.php?rest_route=\/wp\/v2\/users\/1"}],"replies":[{"embeddable":true,"href":"https:\/\/contraluzcucuta.co\/index.php?rest_route=%2Fwp%2Fv2%2Fcomments&post=20939"}],"version-history":[{"count":1,"href":"https:\/\/contraluzcucuta.co\/index.php?rest_route=\/wp\/v2\/posts\/20939\/revisions"}],"predecessor-version":[{"id":20942,"href":"https:\/\/contraluzcucuta.co\/index.php?rest_route=\/wp\/v2\/posts\/20939\/revisions\/20942"}],"wp:featuredmedia":[{"embeddable":true,"href":"https:\/\/contraluzcucuta.co\/index.php?rest_route=\/wp\/v2\/media\/20941"}],"wp:attachment":[{"href":"https:\/\/contraluzcucuta.co\/index.php?rest_route=%2Fwp%2Fv2%2Fmedia&parent=20939"}],"wp:term":[{"taxonomy":"category","embeddable":true,"href":"https:\/\/contraluzcucuta.co\/index.php?rest_route=%2Fwp%2Fv2%2Fcategories&post=20939"},{"taxonomy":"post_tag","embeddable":true,"href":"https:\/\/contraluzcucuta.co\/index.php?rest_route=%2Fwp%2Fv2%2Ftags&post=20939"}],"curies":[{"name":"wp","href":"https:\/\/api.w.org\/{rel}","templated":true}]}}