{"id":20936,"date":"2014-03-06T22:05:26","date_gmt":"2014-03-07T03:05:26","guid":{"rendered":"http:\/\/contraluzcucuta.co\/?p=20936"},"modified":"2014-03-07T20:34:52","modified_gmt":"2014-03-08T01:34:52","slug":"antonio-navarro-politica-de-fronteras-es-mucho-tilin-tilin-y-pocos-resultados","status":"publish","type":"post","link":"https:\/\/contraluzcucuta.co\/?p=20936","title":{"rendered":"Antonio Navarro. &#8220;Pol\u00edtica de fronteras es mucho til\u00edn, til\u00edn, y pocos resultados&#8221;"},"content":{"rendered":"<p><em><\/em><b>C\u00daCUTA.-<\/b> Antonio Navarro Wolf viene de la otra frontera de Colombia. En representaci\u00f3n de esa zona del pa\u00eds estuvo al frente de la Constituyente y all\u00e1 fue Gobernador de Nari\u00f1o. Ahora, recorre el territorio nacional como candidato al Senado de la Rep\u00fablica por el partido Alianza Verde.<\/p>\n<p>Es conocedor de los problemas de los pueblos lim\u00edtrofes con Ecuador y Venezuela. \u201cHe vivido la realidad de la frontera y puedo ayudar a dise\u00f1ar una buena pol\u00edtica fronteriza\u201d, es el mensaje que les dej\u00f3, este 6 de marzo, a los nortesantandereanos en busca de una curul en el Congreso.<\/p>\n<p>Est\u00e1 seguro de que en los comicios del domingo, la colectividad verde ganar\u00e1 varios esca\u00f1os, y con seguridad afirm\u00f3 que \u201cvamos a ser una sorpresa electoral. P\u00f3ngale la firma. Y sin mermelada, sin serrucho, sin robar, sin repartir plata y sin comprar votos\u201d.<\/p>\n<p><b>\u00bfQu\u00e9 proyectos llevar\u00e1 al Senado para favorecer a Norte de Santander?<\/b><\/p>\n<p>Hay un sentimiento generalizado de que la frontera est\u00e1 en un momento cr\u00edtico. Hay que hacer una pol\u00edtica de fronteras efectiva. Se ha hablado mucho de eso. Ha habido mucho til\u00edn, til\u00edn, y pocos resultados. Se necesita ir m\u00e1s all\u00e1 de la rebaja en los precios de la gasolina. Por un lado, hay que hacer mayor inversi\u00f3n p\u00fablica en la regi\u00f3n, y en segundo lugar, impulsar \u00a0planes econ\u00f3micos efectivos, no solo medidas como las zonas francas.<\/p>\n<p>Se necesita armar un bloque de presi\u00f3n, una bancada de congresistas de la frontera de todos los grupos pol\u00edticos para trabajar por unas leyes, unas normas y unas inversiones que sean realmente serias.<\/p>\n<p><b>\u00bfY en esos plazos cu\u00e1les son de aplicaci\u00f3n inmediata?<\/b><\/p>\n<p>Tiene que haber medidas de corto plazo, mirar c\u00f3mo se reactiva el comercio. El manejo de impuestos en periodos especiales en beneficio de la regi\u00f3n habr\u00eda que estudiarlo. Estudiar si as\u00ed se reactiva la econom\u00eda. En el mediano plazo hay que procurar que haya industrias, que haya procesos productivos que tengan una perspectiva de largo plazo. Hay que trabajar en proyectos que al mismo tiempo que dan ventajas arancelarias, lleven estudios de factibilidad para que se vuelvan empresas y se desarrollen con esos beneficios.<\/p>\n<p><b>\u00bfCu\u00e1l es su pol\u00edtica de turismo y ambiental?<\/b><\/p>\n<p>Hay que hacer inversiones. Nosotros hicimos un telef\u00e9rico para Las Lajas, para aumentar el n\u00famero de turistas y de servicios, con inversi\u00f3n de la Gobernaci\u00f3n de Nari\u00f1o. Trabajamos en industria. Si solo se declara una Zona Franca, y punto, no pasa nada. Esa experiencia ya la vivimos. Si no hay algo m\u00e1s que unos estudios de factibilidad y unas ventajas arancelarias, si no hay identificaci\u00f3n de procesos productivos que puedan funcionar y ser eficientes y puedan ser rentables, no es suficiente una declaratoria que se queda simplemente en puras palabras. Tenemos que armar un bloque de fronteras, que trabaje la Ley de Fronteras para volverla efectiva, y que trabaje proyectos concretos, que puedan volverse reales.<\/p>\n<p><b>\u00bfC\u00f3mo se podr\u00eda generar empleo?<\/b><\/p>\n<p>El Gobierno saca pecho diciendo que tiene los \u00edndices de desempleo m\u00e1s bajos de la historia. Eso es carreta. Lo que hay es subempleo. La gente se cans\u00f3 de buscar trabajo. La verdad es que mientras sigamos con un modelo de desarrollo que no impulsa la industria y el sector agropecuario, que son los que generan empleo de buena calidad, aqu\u00ed estamos fregados. La miner\u00eda no genera empleo y no puede ser el motor de desarrollo.<\/p>\n<p><b>RAFAEL ANTONIO CAMPEROS<\/b><\/p>\n<p><a href=\"mailto:talcualcucuta@gmail.com\"><b>talcualcucuta@gmail.com<\/b><\/a><b><\/b><\/p>\n<p>&nbsp; <\/p>\n","protected":false},"excerpt":{"rendered":"<p>C\u00daCUTA.- Antonio Navarro Wolf viene de la otra frontera de Colombia. En representaci\u00f3n de esa zona del pa\u00eds estuvo al frente de la Constituyente y all\u00e1 fue Gobernador de Nari\u00f1o. Ahora, recorre el territorio nacional como candidato al Senado de la Rep\u00fablica por el partido Alianza Verde. Es conocedor de los problemas de los pueblos &hellip;<\/p>\n","protected":false},"author":1,"featured_media":20943,"comment_status":"open","ping_status":"open","sticky":false,"template":"","format":"standard","meta":{"footnotes":""},"categories":[9,32],"tags":[1220,318,1221],"class_list":["post-20936","post","type-post","status-publish","format-standard","has-post-thumbnail","hentry","category-politica","category-recorrido-por-la-region","tag-antonio-navarro-wolf","tag-cucuta","tag-senado-de-la-republica"],"_links":{"self":[{"href":"https:\/\/contraluzcucuta.co\/index.php?rest_route=\/wp\/v2\/posts\/20936","targetHints":{"allow":["GET"]}}],"collection":[{"href":"https:\/\/contraluzcucuta.co\/index.php?rest_route=\/wp\/v2\/posts"}],"about":[{"href":"https:\/\/contraluzcucuta.co\/index.php?rest_route=\/wp\/v2\/types\/post"}],"author":[{"embeddable":true,"href":"https:\/\/contraluzcucuta.co\/index.php?rest_route=\/wp\/v2\/users\/1"}],"replies":[{"embeddable":true,"href":"https:\/\/contraluzcucuta.co\/index.php?rest_route=%2Fwp%2Fv2%2Fcomments&post=20936"}],"version-history":[{"count":1,"href":"https:\/\/contraluzcucuta.co\/index.php?rest_route=\/wp\/v2\/posts\/20936\/revisions"}],"predecessor-version":[{"id":20938,"href":"https:\/\/contraluzcucuta.co\/index.php?rest_route=\/wp\/v2\/posts\/20936\/revisions\/20938"}],"wp:featuredmedia":[{"embeddable":true,"href":"https:\/\/contraluzcucuta.co\/index.php?rest_route=\/wp\/v2\/media\/20943"}],"wp:attachment":[{"href":"https:\/\/contraluzcucuta.co\/index.php?rest_route=%2Fwp%2Fv2%2Fmedia&parent=20936"}],"wp:term":[{"taxonomy":"category","embeddable":true,"href":"https:\/\/contraluzcucuta.co\/index.php?rest_route=%2Fwp%2Fv2%2Fcategories&post=20936"},{"taxonomy":"post_tag","embeddable":true,"href":"https:\/\/contraluzcucuta.co\/index.php?rest_route=%2Fwp%2Fv2%2Ftags&post=20936"}],"curies":[{"name":"wp","href":"https:\/\/api.w.org\/{rel}","templated":true}]}}