{"id":20933,"date":"2014-03-06T21:55:23","date_gmt":"2014-03-07T02:55:23","guid":{"rendered":"http:\/\/contraluzcucuta.co\/?p=20933"},"modified":"2014-03-07T20:36:05","modified_gmt":"2014-03-08T01:36:05","slug":"asumio-cabildo-indigena-inga","status":"publish","type":"post","link":"https:\/\/contraluzcucuta.co\/?p=20933","title":{"rendered":"Asumi\u00f3 cabildo ind\u00edgena inga"},"content":{"rendered":"<p><b style=\"line-height: 1.5em;\">C\u00daCUTA.-<\/b><span style=\"line-height: 1.5em;\"> Salvador Tisoy Tandioy, nuevo taita gobernador (2014 \u2013 2015) de los ind\u00edgenas inga, se comprometi\u00f3 a buscar mejores oportunidades de vida para los m\u00e1s de 300 miembros de la comunidad residentes en C\u00facuta.<\/span><\/p>\n<p>Lo acompa\u00f1ar\u00e1n a ejercer el gobierno Franco Jajoy Chasoy, Alcalde Mayor; Alejo Jajoy Chasoy, Alcalde Menor; Benjam\u00edn Jajoy Chasoy,\u00a0 Alguacil Mayor, y Jos\u00e9 Gabriel Jajoy Ni\u00f1o, Alguacil Menor.<\/p>\n<p>El Gobernador del Cabildo agradeci\u00f3 la ayuda del gobierno municipal y solicit\u00f3 apoyo para continuar con las labores artesanales ingas, base del sustento de la comunidad.<\/p>\n<p>Se refiri\u00f3 a un proyecto que se adelanta desde a\u00f1os atr\u00e1s relacionado con productos a base de plantas medicinales tra\u00eddas desde Putumayo, lugar de origen de los Ingas y que tambi\u00e9n se constituyen en ingresos.<\/p>\n<p>El secretario de Gobierno, David Castillo, fue el encargado de tomar juramento a los representantes de la etnia. En el acto de posesi\u00f3n, los ind\u00edgenas presentaron las preocupaciones que tienen. El funcionario gestion\u00f3 para las pr\u00f3ximas semanas \u00a0una jornada para facilitarles el Sisben a los miembros de la comunidad ind\u00edgena.<\/p>\n<p>El apoyo a las expresiones aut\u00f3ctonas de las culturas que conviven en el municipio es una manera de generar pertenencia.<\/p>\n<p>Mar\u00eda Quinchoa es la Gobernadora saliente. En el tiempo trascurrido desde que asumi\u00f3 la representaci\u00f3n de los 284 miembros cumpli\u00f3 con el deber de dirigir a los ind\u00edgenas. \u201cPor m\u00ed,\u00a0 los adultos mayores y las madres cabezas de hogar reciben subsidios del Gobierno\u201d.<\/p>\n<p>Aunque la queja est\u00e1 por los lados de la insuficiente ayuda oficial a la que tienen acceso. \u201cNecesitamos una sede y alg\u00fan terreno para plantar maticas\u201d. La esperanza es que el Alcalde y el gobernador (Edgar D\u00edaz) nos colaboren\u201d, porque no tienen un lugar para hacer reuniones de la comunidad.<\/p>\n<p>\u201cEstamos ama\u00f1ados en C\u00facuta. Los hijos no quieren regresar a Putumayo y estudian en C\u00facuta\u201d, dijo la gobernadora Quinchoa, que no se siente cansada de estar al frente de los suyos. \u201cNo es que est\u00e9 renunciando. Lo que pasa es que no hay recursos, ni ayuda\u201d. <\/p>\n","protected":false},"excerpt":{"rendered":"<p>C\u00daCUTA.- Salvador Tisoy Tandioy, nuevo taita gobernador (2014 \u2013 2015) de los ind\u00edgenas inga, se comprometi\u00f3 a buscar mejores oportunidades de vida para los m\u00e1s de 300 miembros de la comunidad residentes en C\u00facuta. Lo acompa\u00f1ar\u00e1n a ejercer el gobierno Franco Jajoy Chasoy, Alcalde Mayor; Alejo Jajoy Chasoy, Alcalde Menor; Benjam\u00edn Jajoy Chasoy,\u00a0 Alguacil Mayor, &hellip;<\/p>\n","protected":false},"author":1,"featured_media":20934,"comment_status":"open","ping_status":"open","sticky":false,"template":"","format":"standard","meta":{"footnotes":""},"categories":[36,37],"tags":[1218,1219],"class_list":["post-20933","post","type-post","status-publish","format-standard","has-post-thumbnail","hentry","category-la-voz-del-pueblo","category-paseo-cultural","tag-comunidad-indigena-inga","tag-salvador-tisoy-tandioy"],"_links":{"self":[{"href":"https:\/\/contraluzcucuta.co\/index.php?rest_route=\/wp\/v2\/posts\/20933","targetHints":{"allow":["GET"]}}],"collection":[{"href":"https:\/\/contraluzcucuta.co\/index.php?rest_route=\/wp\/v2\/posts"}],"about":[{"href":"https:\/\/contraluzcucuta.co\/index.php?rest_route=\/wp\/v2\/types\/post"}],"author":[{"embeddable":true,"href":"https:\/\/contraluzcucuta.co\/index.php?rest_route=\/wp\/v2\/users\/1"}],"replies":[{"embeddable":true,"href":"https:\/\/contraluzcucuta.co\/index.php?rest_route=%2Fwp%2Fv2%2Fcomments&post=20933"}],"version-history":[{"count":1,"href":"https:\/\/contraluzcucuta.co\/index.php?rest_route=\/wp\/v2\/posts\/20933\/revisions"}],"predecessor-version":[{"id":20935,"href":"https:\/\/contraluzcucuta.co\/index.php?rest_route=\/wp\/v2\/posts\/20933\/revisions\/20935"}],"wp:featuredmedia":[{"embeddable":true,"href":"https:\/\/contraluzcucuta.co\/index.php?rest_route=\/wp\/v2\/media\/20934"}],"wp:attachment":[{"href":"https:\/\/contraluzcucuta.co\/index.php?rest_route=%2Fwp%2Fv2%2Fmedia&parent=20933"}],"wp:term":[{"taxonomy":"category","embeddable":true,"href":"https:\/\/contraluzcucuta.co\/index.php?rest_route=%2Fwp%2Fv2%2Fcategories&post=20933"},{"taxonomy":"post_tag","embeddable":true,"href":"https:\/\/contraluzcucuta.co\/index.php?rest_route=%2Fwp%2Fv2%2Ftags&post=20933"}],"curies":[{"name":"wp","href":"https:\/\/api.w.org\/{rel}","templated":true}]}}