{"id":20888,"date":"2014-03-03T22:21:03","date_gmt":"2014-03-04T03:21:03","guid":{"rendered":"http:\/\/contraluzcucuta.co\/?p=20888"},"modified":"2014-03-04T22:47:11","modified_gmt":"2014-03-05T03:47:11","slug":"ojala-partidos-y-politicos-comprendan-lo-que-les-espera","status":"publish","type":"post","link":"https:\/\/contraluzcucuta.co\/?p=20888","title":{"rendered":"Ojal\u00e1  partidos y  pol\u00edticos  comprendan lo que les espera"},"content":{"rendered":"<p><span style=\"line-height: 1.5em;\">1.- Si la noci\u00f3n de desarrollo y la visi\u00f3n de perspectivas de toda sociedad se aprecian, miden y proyectan por los hechos, y estos son de atenci\u00f3n, cuando revelan sus caracter\u00edsticas con \u00edndices, estimativos y promedios\u00a0 de significaci\u00f3n, al confrontarlos con los resultados que han obtenido los pueblos y las organizaciones de mayor relieve del planeta, bien valdr\u00eda\u00a0 penetrar sobre la estructura funcional y operativa de nuestra sociedad, que con sus actos, gestiones y conductas representa al hombre y mujer de esta frontera. Y, bien sea por el lado o parte de Colombia o por el que sintetiza, representa y define a Venezuela.<\/span><\/p>\n<p>Y si lo anunciado es importante e interesante, porque\u00a0 el enfoque, recuento de datos y la respectiva evaluaci\u00f3n y an\u00e1lisis se hacen y cumplen dentro de claros y demostrables actos de honestidad y responsable valoraci\u00f3n de realidades y proyecciones, podr\u00edamos comprender y realmente conocer lo que \u00a0acontece y los grados y los porcentajes que revelan indicadores y promedios, en los diferentes grados, n\u00facleos y estamentos que componen e integran nuestro desenvolvimiento socioecon\u00f3mico y pol\u00edtico.<\/p>\n<p>2.- Ese an\u00e1lisis y pormenorizado examen nos est\u00e1 haciendo falta, porque nuestros datos y registros estad\u00edsticos exigen mayor particularizaci\u00f3n y un penetrar m\u00e1s a fondo, de lo que se capta a nivel superficial y sin una valoraci\u00f3n de las causas, motivos y factores, que han incidido y viene provocando las alteraciones que se experimentan. Y que en lo puramente mercantil y central en C\u00facuta se refleja en los avisos de \u2018Se vende\u2019, \u2018Se arrienda\u2019 o en los porcentajes de descuento en las compras que sintetizan el grado de afecci\u00f3n y de debilidad del mercado fronterizo. Y, todo esto sin aludir a proyectos e iniciativas, que no han sido respaldadas, ni apuntaladas \u2013como debiera ser y ahora, vienen desfalleciendo, sin dolientes y sin la elemental atenci\u00f3n de las autoridades, como es el caso y la\u00a0 triste respuesta hacia\u00a0 La Zona Franca, ante el m\u00e1s incre\u00edble, generalizado y may\u00fasculo\u00a0 desinter\u00e9s y apat\u00eda.<\/p>\n<p>3.- Lo que est\u00e1 ocurriendo en la frontera \u2013 a lado y lado &#8211; es delicado y de perspectivas serias, complejas y graves, porque\u00a0 si bien las causas primarias difieren y se acent\u00faan m\u00e1s, seg\u00fan la calificaci\u00f3n y desenvolvimientos el desempleo y el incremento de la informalidad, ante la necesidad del rebusque y la carencia de planes, programas y proyectos, que contrarresten, incentiven\u00a0 y superen los efectos del contrabando y el escaso o reducido proceso industrial y de mejoramientos infraestructurales y de servicios, que no permiten avanzar, ni estimulan un\u00a0 mayor y mejor porvenir, al desarrollo. Y, con ello: la urgente necesidad de fuentes de trabajo.<\/p>\n<p>Cambiar y trasformar todo esto es el reto para quienes en estos d\u00edas promueven sus nombres para ocupar cargos legislativos. Ojal\u00e1 que el tiempo y la obligaci\u00f3n que quieren asumir les permitan introducirse por entre estos vericuetos, para que con fundamentos \u00e9ticos, aut\u00e9ntico sentido pol\u00edtico y plena responsabilidad c\u00edvica y moral tengan conciencia de lo que hay y les espera en el cumplimiento de la responsabilidad que les espera.<\/p>\n<p><b>JOS\u00c9 NEIRA REY<\/b><\/p>\n<p><b>Notas al margen<\/b><\/p>\n<p><b><a href=\"mailto:jneirarey@hotmail.com\">jneirarey@hotmail.com<\/a><\/b><\/p>\n<p><b>\u00a0<\/b><\/p>\n<p>&nbsp; <\/p>\n","protected":false},"excerpt":{"rendered":"<p>1.- Si la noci\u00f3n de desarrollo y la visi\u00f3n de perspectivas de toda sociedad se aprecian, miden y proyectan por los hechos, y estos son de atenci\u00f3n, cuando revelan sus caracter\u00edsticas con \u00edndices, estimativos y promedios\u00a0 de significaci\u00f3n, al confrontarlos con los resultados que han obtenido los pueblos y las organizaciones de mayor relieve del &hellip;<\/p>\n","protected":false},"author":1,"featured_media":20889,"comment_status":"open","ping_status":"open","sticky":false,"template":"","format":"standard","meta":{"footnotes":""},"categories":[14,32],"tags":[1099,303],"class_list":["post-20888","post","type-post","status-publish","format-standard","has-post-thumbnail","hentry","category-articulistas","category-recorrido-por-la-region","tag-elecciones-2014","tag-jose-neira-rey"],"_links":{"self":[{"href":"https:\/\/contraluzcucuta.co\/index.php?rest_route=\/wp\/v2\/posts\/20888","targetHints":{"allow":["GET"]}}],"collection":[{"href":"https:\/\/contraluzcucuta.co\/index.php?rest_route=\/wp\/v2\/posts"}],"about":[{"href":"https:\/\/contraluzcucuta.co\/index.php?rest_route=\/wp\/v2\/types\/post"}],"author":[{"embeddable":true,"href":"https:\/\/contraluzcucuta.co\/index.php?rest_route=\/wp\/v2\/users\/1"}],"replies":[{"embeddable":true,"href":"https:\/\/contraluzcucuta.co\/index.php?rest_route=%2Fwp%2Fv2%2Fcomments&post=20888"}],"version-history":[{"count":1,"href":"https:\/\/contraluzcucuta.co\/index.php?rest_route=\/wp\/v2\/posts\/20888\/revisions"}],"predecessor-version":[{"id":20890,"href":"https:\/\/contraluzcucuta.co\/index.php?rest_route=\/wp\/v2\/posts\/20888\/revisions\/20890"}],"wp:featuredmedia":[{"embeddable":true,"href":"https:\/\/contraluzcucuta.co\/index.php?rest_route=\/wp\/v2\/media\/20889"}],"wp:attachment":[{"href":"https:\/\/contraluzcucuta.co\/index.php?rest_route=%2Fwp%2Fv2%2Fmedia&parent=20888"}],"wp:term":[{"taxonomy":"category","embeddable":true,"href":"https:\/\/contraluzcucuta.co\/index.php?rest_route=%2Fwp%2Fv2%2Fcategories&post=20888"},{"taxonomy":"post_tag","embeddable":true,"href":"https:\/\/contraluzcucuta.co\/index.php?rest_route=%2Fwp%2Fv2%2Ftags&post=20888"}],"curies":[{"name":"wp","href":"https:\/\/api.w.org\/{rel}","templated":true}]}}