{"id":20885,"date":"2014-03-03T21:36:29","date_gmt":"2014-03-04T02:36:29","guid":{"rendered":"http:\/\/contraluzcucuta.co\/?p=20885"},"modified":"2014-03-04T22:49:57","modified_gmt":"2014-03-05T03:49:57","slug":"colombia-entra-en-silencio-electoral","status":"publish","type":"post","link":"https:\/\/contraluzcucuta.co\/?p=20885","title":{"rendered":"Colombia entra en \u2018silencio electoral\u2019"},"content":{"rendered":"<p><b style=\"line-height: 1.5em;\">BOGOT\u00c1<\/b><span style=\"line-height: 1.5em;\">. Los candidatos al Congreso de la Rep\u00fablica tienen una serie de restricciones al acercarse el d\u00eda de las elecciones. Iniciaron despu\u00e9s de la media noche del 2 de marzo y tienen por objeto que en el silencio electoral los ciudadanos puedan reflexionar y analizar con calma las propuestas de los candidatos.<\/span><\/p>\n<p>La MOE presenta las prohibiciones que tienen los candidatos al Congreso en esta semana.<\/p>\n<p>1.- Reuniones pol\u00edticas en espacio p\u00fablico<\/p>\n<p>Hasta el 10 de marzo, los candidatos no pueden llevar a cabo reuniones en espacio p\u00fablico, manteni\u00e9ndose la posibilidad de hacerlas en espacios privados.<\/p>\n<p>2.- Propaganda electoral y programas de opini\u00f3n<\/p>\n<p>En la semana preelectoral est\u00e1 permitido que los candidatos sean entrevistados, de igual manera pueden participar en programas de opini\u00f3n.<\/p>\n<p>En lo concerniente a la propaganda electoral, hasta el 8 de marzo est\u00e1 permitida su distribuci\u00f3n y difusi\u00f3n.<\/p>\n<p>El d\u00eda de elecciones se proh\u00edbe toda clase de propaganda, manifestaciones y comunicados con fines pol\u00edtico-electorales en radio, prensa y televisi\u00f3n, propaganda m\u00f3vil, est\u00e1tica o sonora.\u00a0 Los candidatos no podr\u00e1n poner nuevos carteles, pasacalles, vallas y afiches destinados a difundir su nombre y propuestas de campa\u00f1a, ni la distribuci\u00f3n por cualquier tipo de veh\u00edculo terrestre, nave o aeronave.<\/p>\n<p>Los ciudadanos no podr\u00e1n portar camisetas o cualquier prenda de vestir alusiva a propaganda pol\u00edtica, afiches, volantes, gacetas o documentos similares que inviten a votar por determinado candidato.<\/p>\n<p>Los medios de comunicaci\u00f3n no podr\u00e1n trasmitir, el 9 de marzo, propaganda pol\u00edtica y\u00a0 electoral, ni hacer o publicar encuestas, sondeos o proyecciones electorales.<\/p>\n<p>3.- Espacios gratuitos de radio y televisi\u00f3n<\/p>\n<p>Hasta dos d\u00edas antes de las elecciones (7 de marzo) los partidos y los \u00a0movimientos pol\u00edticos, las organizaciones sociales y los grupos significativos de ciudadanos pueden hacer uso de los espacios gratuitos de radio y televisi\u00f3n<\/p>\n<p>Las restricciones se encuentran en la Ley 130 de 1994, que hace referencia a la prohibici\u00f3n de propaganda electoral y encuestas en el d\u00eda de las elecciones; la Ley 163 del 1994, que regula la publicidad del d\u00eda de los comicios, y la Ley 1475 de 2011, que establece los par\u00e1metros para el uso de los espacios gratuitos de radio y de televisi\u00f3n. Para complementar las leyes, el Ministerio del Interior expidi\u00f3 el Decreto 415 de 2014 que regula los aspectos relacionados a orden p\u00fablico.<\/p>\n<p>La ley seca comenzar\u00e1 el 8 de marzo a las 6:00 de la tarde y terminar\u00e1 el 10 de marzo a las 6:00 de la ma\u00f1ana. El porte de armas se restringe desde el 7 hasta el 12 de marzo. El decreto de orden p\u00fablico que expiden las alcald\u00edas puede restringir la circulaci\u00f3n de motocicletas, automotores y embarcaciones. En el caso de las motocicletas, el decreto puede restringir el uso de parrilleros.<\/p>\n<p>&nbsp; <\/p>\n","protected":false},"excerpt":{"rendered":"<p>BOGOT\u00c1. Los candidatos al Congreso de la Rep\u00fablica tienen una serie de restricciones al acercarse el d\u00eda de las elecciones. Iniciaron despu\u00e9s de la media noche del 2 de marzo y tienen por objeto que en el silencio electoral los ciudadanos puedan reflexionar y analizar con calma las propuestas de los candidatos. La MOE presenta &hellip;<\/p>\n","protected":false},"author":1,"featured_media":20886,"comment_status":"open","ping_status":"open","sticky":false,"template":"","format":"standard","meta":{"footnotes":""},"categories":[6,9],"tags":[1099,1108,1109,1197],"class_list":["post-20885","post","type-post","status-publish","format-standard","has-post-thumbnail","hentry","category-ojo-avizor","category-politica","tag-elecciones-2014","tag-mision-de-observacion-electoral","tag-moe","tag-silencio-electoral"],"_links":{"self":[{"href":"https:\/\/contraluzcucuta.co\/index.php?rest_route=\/wp\/v2\/posts\/20885","targetHints":{"allow":["GET"]}}],"collection":[{"href":"https:\/\/contraluzcucuta.co\/index.php?rest_route=\/wp\/v2\/posts"}],"about":[{"href":"https:\/\/contraluzcucuta.co\/index.php?rest_route=\/wp\/v2\/types\/post"}],"author":[{"embeddable":true,"href":"https:\/\/contraluzcucuta.co\/index.php?rest_route=\/wp\/v2\/users\/1"}],"replies":[{"embeddable":true,"href":"https:\/\/contraluzcucuta.co\/index.php?rest_route=%2Fwp%2Fv2%2Fcomments&post=20885"}],"version-history":[{"count":1,"href":"https:\/\/contraluzcucuta.co\/index.php?rest_route=\/wp\/v2\/posts\/20885\/revisions"}],"predecessor-version":[{"id":20887,"href":"https:\/\/contraluzcucuta.co\/index.php?rest_route=\/wp\/v2\/posts\/20885\/revisions\/20887"}],"wp:featuredmedia":[{"embeddable":true,"href":"https:\/\/contraluzcucuta.co\/index.php?rest_route=\/wp\/v2\/media\/20886"}],"wp:attachment":[{"href":"https:\/\/contraluzcucuta.co\/index.php?rest_route=%2Fwp%2Fv2%2Fmedia&parent=20885"}],"wp:term":[{"taxonomy":"category","embeddable":true,"href":"https:\/\/contraluzcucuta.co\/index.php?rest_route=%2Fwp%2Fv2%2Fcategories&post=20885"},{"taxonomy":"post_tag","embeddable":true,"href":"https:\/\/contraluzcucuta.co\/index.php?rest_route=%2Fwp%2Fv2%2Ftags&post=20885"}],"curies":[{"name":"wp","href":"https:\/\/api.w.org\/{rel}","templated":true}]}}