{"id":20882,"date":"2014-03-03T21:01:17","date_gmt":"2014-03-04T02:01:17","guid":{"rendered":"http:\/\/contraluzcucuta.co\/?p=20882"},"modified":"2014-03-04T22:51:02","modified_gmt":"2014-03-05T03:51:02","slug":"pico-y-placa-pedagogico-hasta-el-7-de-marzo-en-cucuta","status":"publish","type":"post","link":"https:\/\/contraluzcucuta.co\/?p=20882","title":{"rendered":"Pico y placa\u2019 pedag\u00f3gico hasta el 7 de marzo, en C\u00facuta"},"content":{"rendered":"<p>\u2018<b>C\u00daCUTA.-<\/b> El \u2018pico y placa\u2019 que se aplicar\u00e1 en C\u00facuta ser\u00e1 de tipo pedag\u00f3gico, entre el 3 y el 7 de marzo. La restricci\u00f3n vehicular cubre el cuadrante, que en el 2013. La zona c\u00e9ntrica de la ciudad ser\u00e1 la cobijada por la medida.<\/p>\n<p>La etapa pedag\u00f3gica empezar\u00e1 a hacerse efectiva el 10 de marzo y se impondr\u00e1n las sanciones econ\u00f3micas, que equivalen al 50 por ciento del salario m\u00ednimo legal vigente ($ 308.000).<\/p>\n<p>El horario establecido es de 7:00 de la ma\u00f1ana a 7:00 de la noche. Los d\u00edas de aplicaci\u00f3n corresponden al \u00faltimo d\u00edgito de la placa, de \u00a0la siguiente manera:<\/p>\n<p>1.- Lunes, 0 y 9<\/p>\n<p>2.- Martes, 8 y 7<\/p>\n<p>3.- Mi\u00e9rcoles, 6 y 5<\/p>\n<p>4.- Jueves, 4 y 3<\/p>\n<p>5.- Viernes, 2 y 1\u201d.<\/p>\n<p>La circulaci\u00f3n quedar\u00e1 restringida en la Diagonal Santander, desde la glorieta de la Terminal (monumento del Indio Motil\u00f3n) hasta llegar al cruce que conduce a la avenida Los Libertadores, avenida Los Libertadores desde el cruce con la Diagonal Santander, sentido norte-sur, hasta la calle 17 (barrio Libertadores), Calle 17 desde la avenida 10 con sentido occidente-oriente hasta la avenida Los Libertadores, avenida 10 desde la calle 17 sentido sur-norte hasta la calle 0, calle 0 desde la avenida 10 hacia la avenida 8, avenida 8 desde la glorieta de la Terminal sentido norte\u2013sur hasta la calle 0.<\/p>\n<p>El \u2018pico y placa\u2019 ser\u00e1 analizado luego de aprobarse la Alianza P\u00fablica Privada (APP) que pretende cambiar 104 intercepciones que equivalen a 410 sem\u00e1foros.<\/p>\n<p>La medida se mantendr\u00e1 hasta cuando \u201ctengamos sem\u00e1foros nuevos\u201d, dijo el alcalde Donamaris Ram\u00edrez. Cada cinco a\u00f1os se cambiar\u00e1 la tecnolog\u00eda de la red semaf\u00f3rica. \u201cMientras el tema de la alta tecnolog\u00eda entra a funcionar, se toman estas acciones que permiten el orden en la ciudad\u201d, afirm\u00f3.<\/p>\n<p>La restricci\u00f3n es necesaria, porque conductores y motoristas no contribuyen a mantener el orden y la movilidad en calles y avenidas, y estacionan en lugares no autorizados.<\/p>\n<p>Taxistas y comunidad est\u00e1n enfrentados por la puesta en marcha del plan. Los conductores piden el \u2018pico y placa\u2019 y algunos habitantes no est\u00e1n de acuerdo. Seg\u00fan los estudios y el informe elaborados para asumir la determinaci\u00f3n, hay necesidad de imponerlo. \u201cHab\u00eda esperado estas semanas del a\u00f1o para revisar el impacto de la medida del cargue y descargue en el centro de la ciudad\u201d, dijo, Ram\u00edrez. <\/p>\n","protected":false},"excerpt":{"rendered":"<p>\u2018C\u00daCUTA.- El \u2018pico y placa\u2019 que se aplicar\u00e1 en C\u00facuta ser\u00e1 de tipo pedag\u00f3gico, entre el 3 y el 7 de marzo. La restricci\u00f3n vehicular cubre el cuadrante, que en el 2013. La zona c\u00e9ntrica de la ciudad ser\u00e1 la cobijada por la medida. La etapa pedag\u00f3gica empezar\u00e1 a hacerse efectiva el 10 de marzo &hellip;<\/p>\n","protected":false},"author":1,"featured_media":20883,"comment_status":"open","ping_status":"open","sticky":false,"template":"","format":"standard","meta":{"footnotes":""},"categories":[541,6],"tags":[434,97],"class_list":["post-20882","post","type-post","status-publish","format-standard","has-post-thumbnail","hentry","category-ciudad","category-ojo-avizor","tag-pico-y-placa-en-cucuta","tag-policia"],"_links":{"self":[{"href":"https:\/\/contraluzcucuta.co\/index.php?rest_route=\/wp\/v2\/posts\/20882","targetHints":{"allow":["GET"]}}],"collection":[{"href":"https:\/\/contraluzcucuta.co\/index.php?rest_route=\/wp\/v2\/posts"}],"about":[{"href":"https:\/\/contraluzcucuta.co\/index.php?rest_route=\/wp\/v2\/types\/post"}],"author":[{"embeddable":true,"href":"https:\/\/contraluzcucuta.co\/index.php?rest_route=\/wp\/v2\/users\/1"}],"replies":[{"embeddable":true,"href":"https:\/\/contraluzcucuta.co\/index.php?rest_route=%2Fwp%2Fv2%2Fcomments&post=20882"}],"version-history":[{"count":1,"href":"https:\/\/contraluzcucuta.co\/index.php?rest_route=\/wp\/v2\/posts\/20882\/revisions"}],"predecessor-version":[{"id":20884,"href":"https:\/\/contraluzcucuta.co\/index.php?rest_route=\/wp\/v2\/posts\/20882\/revisions\/20884"}],"wp:featuredmedia":[{"embeddable":true,"href":"https:\/\/contraluzcucuta.co\/index.php?rest_route=\/wp\/v2\/media\/20883"}],"wp:attachment":[{"href":"https:\/\/contraluzcucuta.co\/index.php?rest_route=%2Fwp%2Fv2%2Fmedia&parent=20882"}],"wp:term":[{"taxonomy":"category","embeddable":true,"href":"https:\/\/contraluzcucuta.co\/index.php?rest_route=%2Fwp%2Fv2%2Fcategories&post=20882"},{"taxonomy":"post_tag","embeddable":true,"href":"https:\/\/contraluzcucuta.co\/index.php?rest_route=%2Fwp%2Fv2%2Ftags&post=20882"}],"curies":[{"name":"wp","href":"https:\/\/api.w.org\/{rel}","templated":true}]}}