{"id":20876,"date":"2014-03-03T20:00:46","date_gmt":"2014-03-04T01:00:46","guid":{"rendered":"http:\/\/contraluzcucuta.co\/?p=20876"},"modified":"2014-03-04T22:48:36","modified_gmt":"2014-03-05T03:48:36","slug":"cero-analfabetismo-en-cucuta","status":"publish","type":"post","link":"https:\/\/contraluzcucuta.co\/?p=20876","title":{"rendered":"\u2018Cero Analfabetismo en C\u00facuta\u2019"},"content":{"rendered":"<p><b style=\"line-height: 1.5em;\">C\u00daCUTA.-<\/b><span style=\"line-height: 1.5em;\"> Rosa Mar\u00eda Mart\u00ednez Ochoa tiene 52 a\u00f1os pas\u00f3 mucho tiempo sin asistir a la escuela para aprender a leer y escribir. Ahora, es una de las integrantes de la \u00a0nueva promoci\u00f3n de estudiantes del programa \u2018Cero Analfabetismo en C\u00facuta\u2019.<\/span><\/p>\n<p>No cabe de la dicha al saber que la vida le cambiar\u00e1 con este paso que ha dado. \u201cMe siento feliz al iniciar una nueva etapa en mi vida\u201d, dijo con satisfacci\u00f3n al recibir el certificado. \u201cFueron muchos a\u00f1os de no estudiar\u201d, se lament\u00f3.<\/p>\n<p>La entrega de las certificaciones se cumpli\u00f3, el primero de marzo, en el colegio municipal del barrio Aeropuerto. Al acto asistieron el secretario de Educaci\u00f3n Municipal, rectores de los colegios participantes, funcionarios de la Organizaci\u00f3n de Estados Iberoamericanos (OEI) y Ecopetrol.<\/p>\n<p>\u201cMi familia y mis hijos me motivaron a regresar a los salones de clase y pienso continuar con el nuevo proyecto de estudiar la secundaria\u201d, dijo Rosa Mar\u00eda con el cart\u00f3n entre las manos.<\/p>\n<p>El programa \u2018Cero Analfabetismo en C\u00facuta\u2019 certific\u00f3 a \u00a0270 participantes con auspicio de la Secretar\u00eda de Educaci\u00f3n Municipal. Los graduados culminaron el ciclo dos de estudios, correspondiente al modelo pedag\u00f3gico \u2018A Crecer\u2019. La iniciativa cuenta con apoyo del Ministerio de Educaci\u00f3n, la OIE y Ecopetrol.<\/p>\n<p>\u00bfQu\u00e9 es \u2018A Crecer\u2019?<\/p>\n<p>1.- Es un modelo educativo con flexibilidad en horarios y tiempo acad\u00e9mico.<\/p>\n<p>2.- Busca motivar la participaci\u00f3n de j\u00f3venes y adultos entre 15 y 65 a\u00f1os.<\/p>\n<p>3.- Contempla dos ciclos: el primero, va hasta tercer grado. El segundo, contempla cuarto y quinto primaria.<\/p>\n<p>En Norte de Santander se han beneficiado 5900 personas, de las cuales 2302 finalizaron ciclo 1 y 2 en 21 municipios. El programa hace presencia en 240 municipios del pa\u00eds y busca sacar del analfabetismo a 600.000 colombianos.<\/p>\n<p>Rosa Mar\u00eda Mart\u00ednez regres\u00f3 a casa con la ilusi\u00f3n de mantenerse en las \u201chasta lograr ser bachiller\u201d.<\/p>\n<p>&nbsp; <\/p>\n","protected":false},"excerpt":{"rendered":"<p>C\u00daCUTA.- Rosa Mar\u00eda Mart\u00ednez Ochoa tiene 52 a\u00f1os pas\u00f3 mucho tiempo sin asistir a la escuela para aprender a leer y escribir. Ahora, es una de las integrantes de la \u00a0nueva promoci\u00f3n de estudiantes del programa \u2018Cero Analfabetismo en C\u00facuta\u2019. No cabe de la dicha al saber que la vida le cambiar\u00e1 con este paso &hellip;<\/p>\n","protected":false},"author":1,"featured_media":20877,"comment_status":"open","ping_status":"open","sticky":false,"template":"","format":"standard","meta":{"footnotes":""},"categories":[541,36],"tags":[1195,1194],"class_list":["post-20876","post","type-post","status-publish","format-standard","has-post-thumbnail","hentry","category-ciudad","category-la-voz-del-pueblo","tag-a-crecer","tag-cero-analfabetismo-en-cucuta"],"_links":{"self":[{"href":"https:\/\/contraluzcucuta.co\/index.php?rest_route=\/wp\/v2\/posts\/20876","targetHints":{"allow":["GET"]}}],"collection":[{"href":"https:\/\/contraluzcucuta.co\/index.php?rest_route=\/wp\/v2\/posts"}],"about":[{"href":"https:\/\/contraluzcucuta.co\/index.php?rest_route=\/wp\/v2\/types\/post"}],"author":[{"embeddable":true,"href":"https:\/\/contraluzcucuta.co\/index.php?rest_route=\/wp\/v2\/users\/1"}],"replies":[{"embeddable":true,"href":"https:\/\/contraluzcucuta.co\/index.php?rest_route=%2Fwp%2Fv2%2Fcomments&post=20876"}],"version-history":[{"count":1,"href":"https:\/\/contraluzcucuta.co\/index.php?rest_route=\/wp\/v2\/posts\/20876\/revisions"}],"predecessor-version":[{"id":20878,"href":"https:\/\/contraluzcucuta.co\/index.php?rest_route=\/wp\/v2\/posts\/20876\/revisions\/20878"}],"wp:featuredmedia":[{"embeddable":true,"href":"https:\/\/contraluzcucuta.co\/index.php?rest_route=\/wp\/v2\/media\/20877"}],"wp:attachment":[{"href":"https:\/\/contraluzcucuta.co\/index.php?rest_route=%2Fwp%2Fv2%2Fmedia&parent=20876"}],"wp:term":[{"taxonomy":"category","embeddable":true,"href":"https:\/\/contraluzcucuta.co\/index.php?rest_route=%2Fwp%2Fv2%2Fcategories&post=20876"},{"taxonomy":"post_tag","embeddable":true,"href":"https:\/\/contraluzcucuta.co\/index.php?rest_route=%2Fwp%2Fv2%2Ftags&post=20876"}],"curies":[{"name":"wp","href":"https:\/\/api.w.org\/{rel}","templated":true}]}}