{"id":20874,"date":"2014-03-02T11:08:29","date_gmt":"2014-03-02T16:08:29","guid":{"rendered":"http:\/\/contraluzcucuta.co\/?p=20874"},"modified":"2014-03-02T11:08:29","modified_gmt":"2014-03-02T16:08:29","slug":"al-cucuta-deportivo-le-nace-otra-pata-coja","status":"publish","type":"post","link":"https:\/\/contraluzcucuta.co\/?p=20874","title":{"rendered":"Al C\u00facuta Deportivo le nace otra pata coja"},"content":{"rendered":"<p><b style=\"line-height: 1.5em;\">C\u00daCUTA.-<\/b><span style=\"line-height: 1.5em;\"> La sociedad C\u00facuta Deportivo F\u00fatbol Club y los acreedores deber\u00e1n comparecer, este 3 de marzo, ante la Superintendencia de Sociedades para la \u2018audiencia de incumplimiento del acuerdo extrajudicial de reorganizaci\u00f3n\u2019. La citaci\u00f3n se da justo cuando el cuadro motil\u00f3n comienza a repuntar en la clasificaci\u00f3n y a las puertas del partido contra Real Cartagena.<\/span><\/p>\n<p>Los nuevos propietarios del club, encabezados por Jos\u00e9 Augusto Cadena, adquirieron el 5 de diciembre el 64 por ciento de las acciones. En la negociaci\u00f3n asumieron las deudas y el compromiso de pagar las obligaciones vencidas, que suman $ 4200 millones.<\/p>\n<p>Sin embargo, durante los dos meses siguientes al acuerdo \u201cse han encontrado muchas deudas que incrementan el valor a cerca de $ 5800 millones\u201d, repartidos de la siguiente manera:<\/p>\n<p>&#8211;\u00a0\u00a0\u00a0\u00a0\u00a0\u00a0\u00a0\u00a0 $ 466,5 millones corresponden a deudas vencidas antes de la firma del acuerdo, el 22 de mayo.<\/p>\n<p>&#8211;\u00a0\u00a0\u00a0\u00a0\u00a0\u00a0\u00a0\u00a0 $ 111,7 millones corresponde a vencimientos del 2014.<\/p>\n<p>&#8211;\u00a0\u00a0\u00a0\u00a0\u00a0\u00a0\u00a0\u00a0 $ 4503,7 millones vencimientos entre la firma del acuerdo y el 31 de diciembre.<\/p>\n<p>Entre las deudas vencidas aparece el no pago de la n\u00f3mina de diciembre. \u201cLo cual corresponde a la mayor\u00eda de quejas por incumplimiento\u201d que ha recibido la Superintendencia, presentadas por jugadores del C\u00facuta Deportivo.<\/p>\n<p>El Acuerdo de la Sociedad C\u00facuta Deportivo F\u00fatbol Club est\u00e1 en periodo de gracia y las obligaciones contra\u00eddas se har\u00e1n efectivas en marzo del 2015.Las deudas postacuerdo suman $ 2300 millones, m\u00e1s $ 400 millones con acreedores luego de la negociaci\u00f3n.<\/p>\n<p>La Superintendencia, luego de revisar el expediente, concluy\u00f3:<\/p>\n<p>1.- Se reconocen las obligaciones adeudadas.<\/p>\n<p>2.- No hay soportes que acrediten el pago de las obligaciones anunciadas.<\/p>\n<p>3.- No se documentan las gestiones administrativas \u00a0y procesales tendientes al cumplimiento.<\/p>\n<p>\u201cResulta preocupante para este despacho lo concerniente a que si no se aclara la situaci\u00f3n anterior, los nuevos inversionistas se retirar\u00edan y los anteriores accionistas seguir\u00edan respondiendo por las obligaciones\u201d, apunt\u00f3 \u00c1ngela Mar\u00eda Echeverri, Superintendente delegada \u00a0para procedimientos de insolvencia.<\/p>\n<p>El escenario as\u00ed dibujado traer\u00eda mayores inconvenientes econ\u00f3micos para el club\u00a0 y el incumplimiento en el pago de acreencias. La Supersociedades advierte que queda poco tiempo del periodo de gracia, que se cumplir\u00e1 en marzo.<\/p>\n<p>La convocatoria a la audiencia de incumplimiento se hace por los siguientes motivos:<\/p>\n<p>1.- Persisten los informes de incumplimiento por parte de la sociedad deudora.<\/p>\n<p>2.- No hay certificaci\u00f3n expresa del contador, revisor fiscal y representante legal en la que se d\u00e9 parte del cumplimiento de las obligaciones.<\/p>\n<p>3.- No hay claridad sobre la capacidad de atender debidamente los gastos m\u00ednimos o esenciales para continuar con el desarrollo del objeto social y cumplir posteriormente con las venideras obligaciones del acuerdo.<\/p>\n<p>&nbsp;<\/p>\n<p>&nbsp; <\/p>\n","protected":false},"excerpt":{"rendered":"<p>C\u00daCUTA.- La sociedad C\u00facuta Deportivo F\u00fatbol Club y los acreedores deber\u00e1n comparecer, este 3 de marzo, ante la Superintendencia de Sociedades para la \u2018audiencia de incumplimiento del acuerdo extrajudicial de reorganizaci\u00f3n\u2019. La citaci\u00f3n se da justo cuando el cuadro motil\u00f3n comienza a repuntar en la clasificaci\u00f3n y a las puertas del partido contra Real Cartagena. &hellip;<\/p>\n","protected":false},"author":1,"featured_media":20702,"comment_status":"open","ping_status":"open","sticky":false,"template":"","format":"standard","meta":{"footnotes":""},"categories":[28],"tags":[192],"class_list":["post-20874","post","type-post","status-publish","format-standard","has-post-thumbnail","hentry","category-vistazo-deportivo","tag-cucuta-deportivo"],"_links":{"self":[{"href":"https:\/\/contraluzcucuta.co\/index.php?rest_route=\/wp\/v2\/posts\/20874","targetHints":{"allow":["GET"]}}],"collection":[{"href":"https:\/\/contraluzcucuta.co\/index.php?rest_route=\/wp\/v2\/posts"}],"about":[{"href":"https:\/\/contraluzcucuta.co\/index.php?rest_route=\/wp\/v2\/types\/post"}],"author":[{"embeddable":true,"href":"https:\/\/contraluzcucuta.co\/index.php?rest_route=\/wp\/v2\/users\/1"}],"replies":[{"embeddable":true,"href":"https:\/\/contraluzcucuta.co\/index.php?rest_route=%2Fwp%2Fv2%2Fcomments&post=20874"}],"version-history":[{"count":1,"href":"https:\/\/contraluzcucuta.co\/index.php?rest_route=\/wp\/v2\/posts\/20874\/revisions"}],"predecessor-version":[{"id":20875,"href":"https:\/\/contraluzcucuta.co\/index.php?rest_route=\/wp\/v2\/posts\/20874\/revisions\/20875"}],"wp:featuredmedia":[{"embeddable":true,"href":"https:\/\/contraluzcucuta.co\/index.php?rest_route=\/wp\/v2\/media\/20702"}],"wp:attachment":[{"href":"https:\/\/contraluzcucuta.co\/index.php?rest_route=%2Fwp%2Fv2%2Fmedia&parent=20874"}],"wp:term":[{"taxonomy":"category","embeddable":true,"href":"https:\/\/contraluzcucuta.co\/index.php?rest_route=%2Fwp%2Fv2%2Fcategories&post=20874"},{"taxonomy":"post_tag","embeddable":true,"href":"https:\/\/contraluzcucuta.co\/index.php?rest_route=%2Fwp%2Fv2%2Ftags&post=20874"}],"curies":[{"name":"wp","href":"https:\/\/api.w.org\/{rel}","templated":true}]}}