{"id":20868,"date":"2014-03-01T18:54:36","date_gmt":"2014-03-01T23:54:36","guid":{"rendered":"http:\/\/contraluzcucuta.co\/?p=20868"},"modified":"2014-03-03T22:38:19","modified_gmt":"2014-03-04T03:38:19","slug":"una-corporacion-de-mujeres-cucutenas","status":"publish","type":"post","link":"https:\/\/contraluzcucuta.co\/?p=20868","title":{"rendered":"UNA, corporaci\u00f3n de mujeres cucute\u00f1as"},"content":{"rendered":"<p><b style=\"line-height: 1.5em;\">C\u00daCUTA.-<\/b><span style=\"line-height: 1.5em;\"> Veintis\u00e9is profesionales de la regi\u00f3n, formadas por el programa Mujeres ECCO, con apoyo del BID y la C\u00e1mara de Comercio de C\u00facuta, decidieron sacar adelante, unidas, conformaron la Corporaci\u00f3n UNA, mujeres empresarias.<\/span><\/p>\n<p>En el proceso de formaci\u00f3n llevaron sue\u00f1os, crearon empresas, fortalecieron lazos de amistad y escogieron el trabajo en equipo como opci\u00f3n de crecimiento y desarrollo.<\/p>\n<p>La organizaci\u00f3n naci\u00f3 en la C\u00e1mara de Comercio de C\u00facuta con la legalidad y la formalidad como meta. Ahora, son las herramientas que tienen para continuar el camino laboral<\/p>\n<p>Francy Su\u00e1rez, presidenta de la corporaci\u00f3n, explic\u00f3 por qu\u00e9 se inclinaron por llamarla UNA. \u201cSon lecciones aprendidas de nuestros padres que nos ense\u00f1aron a valorarnos como mujeres, siendo esta la expresi\u00f3n correcta al referirnos a nosotras.\u00a0 Porque una sabe que puede salir adelante, porque una tiene la certeza de que el emprendimiento es la opci\u00f3n y, adem\u00e1s, porque todas somos UNA\u201d.<\/p>\n<p>En el programa de formaci\u00f3n Mujeres ECCO aprendieron a evaluar, planificar y fortalecer las ideas. La capacitaci\u00f3n continua fue un insumo de mejoramiento y hoy es pilar del plan de trabajo para la corporaci\u00f3n.<\/p>\n<p>Yesmith Garay Dom\u00ednguez, directora del programa ECCO en C\u00facuta, es considerada la inspiradora del crecimiento del grupo. Siempre habl\u00f3 del privilegio de contar con un programa auspiciado por el BID y la C\u00e1mara de Comercio.<\/p>\n<p>La corporaci\u00f3n tendr\u00e1 la sede en la Urbanizaci\u00f3n Bellavista. A la presentaci\u00f3n de UNA, el 27 de febrero, asistieron Yesmith Garay, la secretaria de la Mujer, Olga Cristina Jaimes; la gestora social de C\u00facuta, Maribel Cuadros, \u00a0y la directora de Proexport, Mar\u00eda Claudia Garc\u00eda.<\/p>\n<p>Las empresas ofrecen servicios, manufacturas, textiles, accesorios y agroindustria. En el acto inaugural hubo muestra empresarial, desfile de modas, entrega de portafolios de servicios y velada musical.<\/p>\n<p>\u201cLa C\u00e1mara de Comercio y el BID creyeron en que pod\u00edamos dar a luz no s\u00f3lo hijos, sino tambi\u00e9n empresas. Hoy, nos hemos unido para crear UNA gran madre que proteja, incube y contenga nuestras hijas empresas y tambi\u00e9n las de otras empresarias, nuevas socias y nuevos talentos\u201d, dijo la presidenta Francy Su\u00e1rez.<\/p>\n<p>&nbsp; <\/p>\n","protected":false},"excerpt":{"rendered":"<p>C\u00daCUTA.- Veintis\u00e9is profesionales de la regi\u00f3n, formadas por el programa Mujeres ECCO, con apoyo del BID y la C\u00e1mara de Comercio de C\u00facuta, decidieron sacar adelante, unidas, conformaron la Corporaci\u00f3n UNA, mujeres empresarias. En el proceso de formaci\u00f3n llevaron sue\u00f1os, crearon empresas, fortalecieron lazos de amistad y escogieron el trabajo en equipo como opci\u00f3n de &hellip;<\/p>\n","protected":false},"author":1,"featured_media":20869,"comment_status":"open","ping_status":"open","sticky":false,"template":"","format":"standard","meta":{"footnotes":""},"categories":[541,45],"tags":[1193,1192],"class_list":["post-20868","post","type-post","status-publish","format-standard","has-post-thumbnail","hentry","category-ciudad","category-destacado","tag-corporacion-de-mujeres-cucutenas","tag-una"],"_links":{"self":[{"href":"https:\/\/contraluzcucuta.co\/index.php?rest_route=\/wp\/v2\/posts\/20868","targetHints":{"allow":["GET"]}}],"collection":[{"href":"https:\/\/contraluzcucuta.co\/index.php?rest_route=\/wp\/v2\/posts"}],"about":[{"href":"https:\/\/contraluzcucuta.co\/index.php?rest_route=\/wp\/v2\/types\/post"}],"author":[{"embeddable":true,"href":"https:\/\/contraluzcucuta.co\/index.php?rest_route=\/wp\/v2\/users\/1"}],"replies":[{"embeddable":true,"href":"https:\/\/contraluzcucuta.co\/index.php?rest_route=%2Fwp%2Fv2%2Fcomments&post=20868"}],"version-history":[{"count":1,"href":"https:\/\/contraluzcucuta.co\/index.php?rest_route=\/wp\/v2\/posts\/20868\/revisions"}],"predecessor-version":[{"id":20870,"href":"https:\/\/contraluzcucuta.co\/index.php?rest_route=\/wp\/v2\/posts\/20868\/revisions\/20870"}],"wp:featuredmedia":[{"embeddable":true,"href":"https:\/\/contraluzcucuta.co\/index.php?rest_route=\/wp\/v2\/media\/20869"}],"wp:attachment":[{"href":"https:\/\/contraluzcucuta.co\/index.php?rest_route=%2Fwp%2Fv2%2Fmedia&parent=20868"}],"wp:term":[{"taxonomy":"category","embeddable":true,"href":"https:\/\/contraluzcucuta.co\/index.php?rest_route=%2Fwp%2Fv2%2Fcategories&post=20868"},{"taxonomy":"post_tag","embeddable":true,"href":"https:\/\/contraluzcucuta.co\/index.php?rest_route=%2Fwp%2Fv2%2Ftags&post=20868"}],"curies":[{"name":"wp","href":"https:\/\/api.w.org\/{rel}","templated":true}]}}