{"id":20862,"date":"2014-03-01T18:39:03","date_gmt":"2014-03-01T23:39:03","guid":{"rendered":"http:\/\/contraluzcucuta.co\/?p=20862"},"modified":"2014-03-01T18:39:03","modified_gmt":"2014-03-01T23:39:03","slug":"martha-eliana-perez-nueva-registradora-de-instrumentos-publicos-de-cucuta","status":"publish","type":"post","link":"https:\/\/contraluzcucuta.co\/?p=20862","title":{"rendered":"Martha Eliana P\u00e9rez, nueva Registradora de Instrumentos P\u00fablicos de C\u00facuta"},"content":{"rendered":"<p><b style=\"line-height: 1.5em;\">C\u00daCUTA.-<\/b><span style=\"line-height: 1.5em;\"> Martha Eliana P\u00e9rez Torrenegra, abogada barranquillera,\u00a0 especialista\u00a0 en derecho laboral y seguridad social, se posesion\u00f3 ante el Ministro de Justicia y del Derecho como nueva Registradora de Instrumentos P\u00fablicos de C\u00facuta.<\/span><\/p>\n<p>Ha desempe\u00f1ado cargos en el sector p\u00fablico en la Oficina de Registro Instrumentos P\u00fablicos de Sincelejo y de C\u00facuta.<\/p>\n<p>La profesional en derecho se convirti\u00f3 en la nueva Registradora al obtener 84,493 puntos en el Concurso de M\u00e9ritos para la Provisi\u00f3n de Cargos de Registradores de Instrumentos P\u00fablicos.<\/p>\n<p>Hace aparte de los 23 de los 34 registradores de Oficinas de Registro de Instrumentos P\u00fablicos, categorizadas como principales, que tomaron posesi\u00f3n ante el ministro Alfonso G\u00f3mez M\u00e9ndez.<\/p>\n<p>El Superintendente de Notariado y Registro, Jorge Enrique V\u00e9lez, inform\u00f3 que Bogot\u00e1, Pereira, Tunja, Manizales, Armenia, Ibagu\u00e9, Villavicencio, Neiva, Cali, Mit\u00fa, C\u00facuta, Mocoa, Valledupar, San Jos\u00e9 del Guaviare, Riohacha, Puerto Carre\u00f1o, Puerto In\u00edrida, Barranquilla, Quibd\u00f3, Cartagena y Monter\u00eda contar\u00e1n con nuevo registrador de instrumentos p\u00fablicos.<\/p>\n<p>A la fecha, se han posesionado 64 de los 70 registradores que clasificaron en el concurso.<\/p>\n<p>&nbsp; <\/p>\n","protected":false},"excerpt":{"rendered":"<p>C\u00daCUTA.- Martha Eliana P\u00e9rez Torrenegra, abogada barranquillera,\u00a0 especialista\u00a0 en derecho laboral y seguridad social, se posesion\u00f3 ante el Ministro de Justicia y del Derecho como nueva Registradora de Instrumentos P\u00fablicos de C\u00facuta. Ha desempe\u00f1ado cargos en el sector p\u00fablico en la Oficina de Registro Instrumentos P\u00fablicos de Sincelejo y de C\u00facuta. La profesional en derecho &hellip;<\/p>\n","protected":false},"author":1,"featured_media":20863,"comment_status":"open","ping_status":"open","sticky":false,"template":"","format":"standard","meta":{"footnotes":""},"categories":[6],"tags":[1190,1191],"class_list":["post-20862","post","type-post","status-publish","format-standard","has-post-thumbnail","hentry","category-ojo-avizor","tag-martha-eliana-perez-torrenegra","tag-registradora-de-instrumentos-publicos"],"_links":{"self":[{"href":"https:\/\/contraluzcucuta.co\/index.php?rest_route=\/wp\/v2\/posts\/20862","targetHints":{"allow":["GET"]}}],"collection":[{"href":"https:\/\/contraluzcucuta.co\/index.php?rest_route=\/wp\/v2\/posts"}],"about":[{"href":"https:\/\/contraluzcucuta.co\/index.php?rest_route=\/wp\/v2\/types\/post"}],"author":[{"embeddable":true,"href":"https:\/\/contraluzcucuta.co\/index.php?rest_route=\/wp\/v2\/users\/1"}],"replies":[{"embeddable":true,"href":"https:\/\/contraluzcucuta.co\/index.php?rest_route=%2Fwp%2Fv2%2Fcomments&post=20862"}],"version-history":[{"count":1,"href":"https:\/\/contraluzcucuta.co\/index.php?rest_route=\/wp\/v2\/posts\/20862\/revisions"}],"predecessor-version":[{"id":20864,"href":"https:\/\/contraluzcucuta.co\/index.php?rest_route=\/wp\/v2\/posts\/20862\/revisions\/20864"}],"wp:featuredmedia":[{"embeddable":true,"href":"https:\/\/contraluzcucuta.co\/index.php?rest_route=\/wp\/v2\/media\/20863"}],"wp:attachment":[{"href":"https:\/\/contraluzcucuta.co\/index.php?rest_route=%2Fwp%2Fv2%2Fmedia&parent=20862"}],"wp:term":[{"taxonomy":"category","embeddable":true,"href":"https:\/\/contraluzcucuta.co\/index.php?rest_route=%2Fwp%2Fv2%2Fcategories&post=20862"},{"taxonomy":"post_tag","embeddable":true,"href":"https:\/\/contraluzcucuta.co\/index.php?rest_route=%2Fwp%2Fv2%2Ftags&post=20862"}],"curies":[{"name":"wp","href":"https:\/\/api.w.org\/{rel}","templated":true}]}}