{"id":20856,"date":"2014-03-01T18:31:13","date_gmt":"2014-03-01T23:31:13","guid":{"rendered":"http:\/\/contraluzcucuta.co\/?p=20856"},"modified":"2014-03-01T18:31:13","modified_gmt":"2014-03-01T23:31:13","slug":"camara-de-comercio-y-canyfron-claman-atencion-de-santos","status":"publish","type":"post","link":"https:\/\/contraluzcucuta.co\/?p=20856","title":{"rendered":"C\u00e1mara de Comercio y Canyfron claman atenci\u00f3n de Santos"},"content":{"rendered":"<p><b style=\"line-height: 1.5em;\">C\u00daCUTA.-<\/b><span style=\"line-height: 1.5em;\"> La C\u00e1mara de Comercio de C\u00facuta y la Corporaci\u00f3n de Acci\u00f3n Nortesantandereana y Fronteriza (Canyfron) mostraron preocupaci\u00f3n por la situaci\u00f3n de la ciudad y enviaron, por separado, notas al presidente Juan Manuel Santos solicit\u00e1ndole que voltee los ojos hacia C\u00facuta y procure salidas efectivas a la crisis que afronta.<\/span><\/p>\n<p>El presidente ejecutivo de la C\u00e1mara, Jos\u00e9 Miguel Gonz\u00e1lez, solicit\u00f3 una reuni\u00f3n con el equipo de trabajo de la Presidencia para evaluar y definir estrategias frente a posibles escenarios \u00a0que puedan ocurrir en Venezuela.<\/p>\n<p>En el an\u00e1lisis enviado a Santos Calder\u00f3n se se\u00f1ala que los hechos protagonizados en el vecino pa\u00eds impactan a la regi\u00f3n fronteriza. En las \u00faltimas semanas se ha cerrado el paso a veh\u00edculos y peatones, y el gobierno de Nicol\u00e1s Maduro decidi\u00f3 suspender las remesas, de las que se val\u00edan millares de familias para subsistir,<\/p>\n<p>\u201cHoy seguimos teniendo el tercer desempleo m\u00e1s alto del pa\u00eds, la informalidad laboral m\u00e1s alta, las exportaciones no se han recuperado con relaci\u00f3n a 4 o 5 a\u00f1os atr\u00e1s, y el PIB per c\u00e1pita del departamento es uno de los m\u00e1s bajos\u201d, se\u00f1al\u00f3 Gonz\u00e1lez en la misiva al presidente Santos.<\/p>\n<p>Jos\u00e9 Neira Rey, presidente de Canyfron, describi\u00f3 \u201cla cruenta situaci\u00f3n que afronta esta zona de frontera\u201d \u00a0para despertar la atenci\u00f3n nacional y hallar entendimientos y acuerdos con los vecinos para \u201cobtener una aut\u00e9ntica pol\u00edtica de fronteras que supere mediante un nuevo y canalizador giro, las perspectivas que deben cumplirse con estas \u00e1reas con l\u00edmites geogr\u00e1ficos.<\/p>\n<p>Pidi\u00f3 abrirle a la regi\u00f3n las compuertas de la competitividad para facilitar la creaci\u00f3n de fuentes de productividad y empleo, e incentivar la investigaci\u00f3n en universidades, colegios, institutos y centros educativos.<\/p>\n<p>Propuso la conformaci\u00f3n de la Comisi\u00f3n Extraordinaria y Especial Fronteriza Binacional, para que en breve plazo y con la asesor\u00eda de los departamentos de planeaci\u00f3n de los ministerios, coordinados por las canciller\u00edas, defina y establezca cuanto debe tenerse en cuenta para la implementaci\u00f3n.<\/p>\n<p>\u201cNuestros \u00edndices de informalidad y desempleo, las carencias infraestructurales y de servicios y la ausencia de asistencia y apoyo nacional en lo esencial y transformante, son los factores que presionan y obligan este mensaje\u201d, dijo Neira Rey.<\/p>\n<p>&nbsp;<\/p>\n<p>&nbsp; <\/p>\n","protected":false},"excerpt":{"rendered":"<p>C\u00daCUTA.- La C\u00e1mara de Comercio de C\u00facuta y la Corporaci\u00f3n de Acci\u00f3n Nortesantandereana y Fronteriza (Canyfron) mostraron preocupaci\u00f3n por la situaci\u00f3n de la ciudad y enviaron, por separado, notas al presidente Juan Manuel Santos solicit\u00e1ndole que voltee los ojos hacia C\u00facuta y procure salidas efectivas a la crisis que afronta. El presidente ejecutivo de la &hellip;<\/p>\n","protected":false},"author":1,"featured_media":20857,"comment_status":"open","ping_status":"open","sticky":false,"template":"","format":"standard","meta":{"footnotes":""},"categories":[541,4],"tags":[375,302,278],"class_list":["post-20856","post","type-post","status-publish","format-standard","has-post-thumbnail","hentry","category-ciudad","category-barra","tag-camara-de-comercio-de-cucuta","tag-canyfron","tag-presidente-juan-manuel-santos"],"_links":{"self":[{"href":"https:\/\/contraluzcucuta.co\/index.php?rest_route=\/wp\/v2\/posts\/20856","targetHints":{"allow":["GET"]}}],"collection":[{"href":"https:\/\/contraluzcucuta.co\/index.php?rest_route=\/wp\/v2\/posts"}],"about":[{"href":"https:\/\/contraluzcucuta.co\/index.php?rest_route=\/wp\/v2\/types\/post"}],"author":[{"embeddable":true,"href":"https:\/\/contraluzcucuta.co\/index.php?rest_route=\/wp\/v2\/users\/1"}],"replies":[{"embeddable":true,"href":"https:\/\/contraluzcucuta.co\/index.php?rest_route=%2Fwp%2Fv2%2Fcomments&post=20856"}],"version-history":[{"count":1,"href":"https:\/\/contraluzcucuta.co\/index.php?rest_route=\/wp\/v2\/posts\/20856\/revisions"}],"predecessor-version":[{"id":20858,"href":"https:\/\/contraluzcucuta.co\/index.php?rest_route=\/wp\/v2\/posts\/20856\/revisions\/20858"}],"wp:featuredmedia":[{"embeddable":true,"href":"https:\/\/contraluzcucuta.co\/index.php?rest_route=\/wp\/v2\/media\/20857"}],"wp:attachment":[{"href":"https:\/\/contraluzcucuta.co\/index.php?rest_route=%2Fwp%2Fv2%2Fmedia&parent=20856"}],"wp:term":[{"taxonomy":"category","embeddable":true,"href":"https:\/\/contraluzcucuta.co\/index.php?rest_route=%2Fwp%2Fv2%2Fcategories&post=20856"},{"taxonomy":"post_tag","embeddable":true,"href":"https:\/\/contraluzcucuta.co\/index.php?rest_route=%2Fwp%2Fv2%2Ftags&post=20856"}],"curies":[{"name":"wp","href":"https:\/\/api.w.org\/{rel}","templated":true}]}}