{"id":20853,"date":"2014-02-26T22:57:37","date_gmt":"2014-02-27T03:57:37","guid":{"rendered":"http:\/\/contraluzcucuta.co\/?p=20853"},"modified":"2014-02-26T22:57:37","modified_gmt":"2014-02-27T03:57:37","slug":"gremios-analizan-situacion-economica-de-la-region","status":"publish","type":"post","link":"https:\/\/contraluzcucuta.co\/?p=20853","title":{"rendered":"Gremios analizan situaci\u00f3n econ\u00f3mica de la regi\u00f3n"},"content":{"rendered":"<p><b style=\"line-height: 1.5em;\">C\u00daCUTA.-<\/b><span style=\"line-height: 1.5em;\"> La crisis de Venezuela tiene en alerta a Norte de Santander. \u00a0Las dificultades econ\u00f3micas que afrontan los gremios y los sectores informales de la regi\u00f3n ser\u00e1n materia de an\u00e1lisis en la Mesa de Concertaci\u00f3n, que propondr\u00e1 el gobernador Edgar D\u00edaz al Gobierno.<\/span><\/p>\n<p>El jefe de la administraci\u00f3n departamental se reuni\u00f3 en las \u00faltimas horas con representantes de los sectores productivos regionales. El objetivo del encuentro fue poner en conocimiento del gobernante seccional los problemas de los trabajadores formales e informales en la zona de frontera y llamar la atenci\u00f3n de las autoridades civiles.<\/p>\n<p>La propuesta de la mesa de di\u00e1logo surgi\u00f3 luego de la reuni\u00f3n con representantes de la CUT, pimpineros y vendedores ambulantes de C\u00facuta. La mayor preocupaci\u00f3n es la disminuci\u00f3n de los ingresos y las medidas adoptadas que dificultan las actividades laborales.<\/p>\n<p>Tambi\u00e9n, se plante\u00f3 la conformaci\u00f3n\u00a0 de una mesa entre los gobiernos nacional, regional y local, que lleve a buscar salidas concertadas a la situaci\u00f3n para estabilizar la econom\u00eda y dignificar a la comunidad hacia el futuro.<\/p>\n<p>Al t\u00e9rmino de la reuni\u00f3n se dieron las siguientes reacciones:<\/p>\n<p>1.- Jos\u00e9 Abel Correa, representante legal de la Asociaci\u00f3n de Pimpineros de Norte de Santander, Sintragasolina<\/p>\n<p>Se\u00f1al\u00f3 que en estos espacios tendr\u00e1n cabida los ministerios de Trabajo, Hacienda, Agricultura, Minas y Energ\u00eda, sobre los que recae parte de las responsabilidades para atender las necesidades del sector productivo en el departamento.<\/p>\n<p>2.- Leonardo S\u00e1nchez, vicepresidente de la Central Unitaria de Trabajo (CUT)<\/p>\n<p>Dijo que es necesaria la participaci\u00f3n de la clase dirigente para \u201cexigir un frente com\u00fan y unas medidas de choque como lo ha dicho el Gobernador, para que las mesas de concertaci\u00f3n beneficien a la comunidad y establezcan comunicaci\u00f3n constante con los ministerios.\u201d<\/p>\n<p>D\u00edaz Contreras\u00a0 recibi\u00f3 de mano del representante de la Asociaci\u00f3n Sindical de Trabajadores de la Gasolina de Norte de Santander,\u00a0 Florermiro Cerquera, una propuesta para analizar la situaci\u00f3n de informalidad de los expendedores de combustible en pimpina que laboran en C\u00facuta y el \u00c1rea Metropolitana.<\/p>\n<p>Entre los puntos establecidos, est\u00e1 la asignaci\u00f3n de 82 salarios m\u00ednimos legales para que los involucradas en esta actividad puedan formalizar la actividad econ\u00f3mica.<\/p>\n<p>&nbsp; <\/p>\n","protected":false},"excerpt":{"rendered":"<p>C\u00daCUTA.- La crisis de Venezuela tiene en alerta a Norte de Santander. \u00a0Las dificultades econ\u00f3micas que afrontan los gremios y los sectores informales de la regi\u00f3n ser\u00e1n materia de an\u00e1lisis en la Mesa de Concertaci\u00f3n, que propondr\u00e1 el gobernador Edgar D\u00edaz al Gobierno. El jefe de la administraci\u00f3n departamental se reuni\u00f3 en las \u00faltimas horas &hellip;<\/p>\n","protected":false},"author":1,"featured_media":20854,"comment_status":"open","ping_status":"open","sticky":false,"template":"","format":"standard","meta":{"footnotes":""},"categories":[556,4],"tags":[214,215,1188],"class_list":["post-20853","post","type-post","status-publish","format-standard","has-post-thumbnail","hentry","category-departamento","category-barra","tag-central-unitaria-de-trabajadores","tag-cut","tag-gremios-de-norte-de-santander"],"_links":{"self":[{"href":"https:\/\/contraluzcucuta.co\/index.php?rest_route=\/wp\/v2\/posts\/20853","targetHints":{"allow":["GET"]}}],"collection":[{"href":"https:\/\/contraluzcucuta.co\/index.php?rest_route=\/wp\/v2\/posts"}],"about":[{"href":"https:\/\/contraluzcucuta.co\/index.php?rest_route=\/wp\/v2\/types\/post"}],"author":[{"embeddable":true,"href":"https:\/\/contraluzcucuta.co\/index.php?rest_route=\/wp\/v2\/users\/1"}],"replies":[{"embeddable":true,"href":"https:\/\/contraluzcucuta.co\/index.php?rest_route=%2Fwp%2Fv2%2Fcomments&post=20853"}],"version-history":[{"count":1,"href":"https:\/\/contraluzcucuta.co\/index.php?rest_route=\/wp\/v2\/posts\/20853\/revisions"}],"predecessor-version":[{"id":20855,"href":"https:\/\/contraluzcucuta.co\/index.php?rest_route=\/wp\/v2\/posts\/20853\/revisions\/20855"}],"wp:featuredmedia":[{"embeddable":true,"href":"https:\/\/contraluzcucuta.co\/index.php?rest_route=\/wp\/v2\/media\/20854"}],"wp:attachment":[{"href":"https:\/\/contraluzcucuta.co\/index.php?rest_route=%2Fwp%2Fv2%2Fmedia&parent=20853"}],"wp:term":[{"taxonomy":"category","embeddable":true,"href":"https:\/\/contraluzcucuta.co\/index.php?rest_route=%2Fwp%2Fv2%2Fcategories&post=20853"},{"taxonomy":"post_tag","embeddable":true,"href":"https:\/\/contraluzcucuta.co\/index.php?rest_route=%2Fwp%2Fv2%2Ftags&post=20853"}],"curies":[{"name":"wp","href":"https:\/\/api.w.org\/{rel}","templated":true}]}}