{"id":20850,"date":"2014-02-26T22:30:59","date_gmt":"2014-02-27T03:30:59","guid":{"rendered":"http:\/\/contraluzcucuta.co\/?p=20850"},"modified":"2014-02-26T22:30:59","modified_gmt":"2014-02-27T03:30:59","slug":"reporteros-sin-fronteras-exige-a-maduro-investigacion-de-agresiones-a-periodistas","status":"publish","type":"post","link":"https:\/\/contraluzcucuta.co\/?p=20850","title":{"rendered":"Reporteros sin fronteras exige a Maduro investigaci\u00f3n de agresiones a periodistas"},"content":{"rendered":"<p><b style=\"line-height: 1.5em;\">CARACAS.-<\/b><span style=\"line-height: 1.5em;\"> Mediante carta abierta dirigida al presidente Nicol\u00e1s Maduro la organizaci\u00f3n Reporteros sin Fronteras denunci\u00f3 que el derecho a la informaci\u00f3n en Venezuela est\u00e1 \u201ccada vez m\u00e1s amenazado\u201d.<\/span><\/p>\n<p>En la misiva, firmada por el secretario general de la organizaci\u00f3n Christophe Deloire,\u00a0 explican al primer mandatario que\u00a0 est\u00e1n \u201cparticularmente preocupados\u201d\u00a0 por las dificultades que enfrentan los periodistas al cubrir las manifestaciones que tienen lugar en el\u00a0 pa\u00eds desde inicios de febrero, as\u00ed como por el refuerzo de la censura en respuesta al movimiento de protesta.<\/p>\n<p>\u201cLas protestas en Venezuela han dado un giro violento y los periodistas que las cubren se encuentran en la primera l\u00ednea. A trav\u00e9s de actos de violencia y de brutal represi\u00f3n, las fuerzas del orden y algunos grup\u00fasculos paramilitares autoproclamados se han convertido en obst\u00e1culos al trabajo de los periodistas\u201d, advierten.<\/p>\n<p>\u201cHasta hoy, la organizaci\u00f3n ha registrado m\u00e1s de 70 incidentes de ataque o agresi\u00f3n a los actores de la informaci\u00f3n: al menos 60 agresiones f\u00edsicas o verbales y 13 detenciones, en la mayor\u00eda de las cuales se ha robado o destruido el material de los periodistas; hechos a los que se suma el ataque a las oficinas de la cadena nacional Venezolana de Televisi\u00f3n (VTV). Los periodistas han sido agredidos tanto por la Guardia Nacional Bolivariana y por la Polic\u00eda Nacional Bolivariana, como por algunos manifestantes y grup\u00fasculos paramilitares que aprovechan el movimiento de protesta para sembrar el terror\u201d, detallan.<\/p>\n<p>Advierten que la tensi\u00f3n podr\u00eda aumentar si no se ponen en marcha \u201cr\u00e1pidamente\u201d dispositivos de protecci\u00f3n de los actores de la informaci\u00f3n.<\/p>\n<p>\u201cReporteros sin Fronteras recuerda que en virtud de la Resoluci\u00f3n 19\/35 aprobada por el Consejo de Derechos Humanos de la ONU el 18 de abril 2012, las manifestaciones contribuyen a la \u2018promoci\u00f3n y protecci\u00f3n de todos los derechos humanos, civiles, pol\u00edticos, econ\u00f3micos, sociales y culturales\u2019. El papel de los periodistas en los movimientos de protesta es esencial en una democracia abierta, a fin de informar a la poblaci\u00f3n y de mostrar la reacci\u00f3n de las fuerzas del orden\u201d.<\/p>\n<p>Tambi\u00e9n, resaltan que las declaraciones de algunos miembros del gobierno han empeorado la situaci\u00f3n. Como ejemplo, y respecto a las denuncias formuladas p\u00fablicamente por el Sindicato Nacional de Trabajadores de la Prensa y por el Colegio Nacional de Periodistas, recuerdan la reacci\u00f3n de la ministra de Comunicaci\u00f3n e Informaci\u00f3n, Delcy Rodr\u00edguez, qui\u00e9n\u00a0 se\u00f1al\u00f3 el 23 de febrero en entrevista concedida al canal Globovisi\u00f3n: \u201cEllos hablan de agresiones a unos periodistas, los cuales nosotros nunca hemos tenido conocimiento, la Fiscal\u00eda tampoco tiene conocimiento\u201d.<\/p>\n<p>RSF asegur\u00f3 que los casos documentados por ellos y otras ONG como Espacio P\u00fablico, el Instituto Prensa y Sociedad (IPYS) e incluso Human Rights Watch no tienen nada imaginario. \u201cRepresentantes de Espacio P\u00fablico acompa\u00f1aron al fotoreportero Gabriel Osorio a hacer una denuncia ante la Defensor\u00eda del Pueblo y la Fiscal\u00eda. Reporteros sin Fronteras le solicita urgentemente la creaci\u00f3n de una comisi\u00f3n parlamentaria que investigue las numerosas exacciones cometidas contra los profesionales de la informaci\u00f3n desde inicios de febrero de 2014, para que estas agresiones no permanezcan impunes\u201d, agregan.<\/p>\n<p>Condenaron tambi\u00e9n la salida de la parrilla de las operadoras por cable del canal de noticias colombiano NTN24, el\u00a0 bloqueo al acceso a las fotograf\u00edas alojadas en Twitter durante aproximadamente 48 horas y la revocatoria de los permisos de trabajo de cuatro corresponsales de CNN que laboraban en el pa\u00eds.<\/p>\n<p>\u201cLa expulsi\u00f3n y la censura de cadenas internacionales significan la muerte del pluralismo audiovisual, dado que la mayor\u00eda de los canales nacionales y locales se encuentran bajo el control del gobierno. La prensa escrita, \u00faltimo atisbo de independencia, se ve obligada a reducir su n\u00famero de ejemplares e, incluso, a suspender su tiraje debido a la carencia de papel. La Ley de Responsabilidad Social en Radio, Televisi\u00f3n y Medios de Comunicaci\u00f3n Electr\u00f3nicos (Resortemec) permite controlar los contenidos e imponer sanciones \u2013a trav\u00e9s de la Conatel\u2013 a los medios de comunicaci\u00f3n que no se alineen\u201d, manifiestan con preocupaci\u00f3n.<\/p>\n<p>Como \u00faltimo punto, el secretario general del RSF insta a Maduro \u201ca que considere el pluralismo como un factor determinante del acceso a una informaci\u00f3n completa y globalmente objetiva. La guerra que lleva a cabo contra lo que usted llama terrorismo medi\u00e1tico, encaminada a proteger a la poblaci\u00f3n de una supuesta incitaci\u00f3n a la violencia, es en s\u00ed misma un factor determinante de esta polarizaci\u00f3n\u201d.<\/p>\n<p><b>Fuente: El Nacional.<\/b><\/p>\n<p><b>V\u00eda: Prensa CNP Caracas.<\/b> <\/p>\n","protected":false},"excerpt":{"rendered":"<p>CARACAS.- Mediante carta abierta dirigida al presidente Nicol\u00e1s Maduro la organizaci\u00f3n Reporteros sin Fronteras denunci\u00f3 que el derecho a la informaci\u00f3n en Venezuela est\u00e1 \u201ccada vez m\u00e1s amenazado\u201d. En la misiva, firmada por el secretario general de la organizaci\u00f3n Christophe Deloire,\u00a0 explican al primer mandatario que\u00a0 est\u00e1n \u201cparticularmente preocupados\u201d\u00a0 por las dificultades que enfrentan los &hellip;<\/p>\n","protected":false},"author":1,"featured_media":20851,"comment_status":"open","ping_status":"open","sticky":false,"template":"","format":"standard","meta":{"footnotes":""},"categories":[4,39],"tags":[1164,682,1187],"class_list":["post-20850","post","type-post","status-publish","format-standard","has-post-thumbnail","hentry","category-barra","category-miradas-ajenas","tag-crisis-en-venezuela","tag-nicolas-maduro","tag-reporteros-sin-fronteras"],"_links":{"self":[{"href":"https:\/\/contraluzcucuta.co\/index.php?rest_route=\/wp\/v2\/posts\/20850","targetHints":{"allow":["GET"]}}],"collection":[{"href":"https:\/\/contraluzcucuta.co\/index.php?rest_route=\/wp\/v2\/posts"}],"about":[{"href":"https:\/\/contraluzcucuta.co\/index.php?rest_route=\/wp\/v2\/types\/post"}],"author":[{"embeddable":true,"href":"https:\/\/contraluzcucuta.co\/index.php?rest_route=\/wp\/v2\/users\/1"}],"replies":[{"embeddable":true,"href":"https:\/\/contraluzcucuta.co\/index.php?rest_route=%2Fwp%2Fv2%2Fcomments&post=20850"}],"version-history":[{"count":1,"href":"https:\/\/contraluzcucuta.co\/index.php?rest_route=\/wp\/v2\/posts\/20850\/revisions"}],"predecessor-version":[{"id":20852,"href":"https:\/\/contraluzcucuta.co\/index.php?rest_route=\/wp\/v2\/posts\/20850\/revisions\/20852"}],"wp:featuredmedia":[{"embeddable":true,"href":"https:\/\/contraluzcucuta.co\/index.php?rest_route=\/wp\/v2\/media\/20851"}],"wp:attachment":[{"href":"https:\/\/contraluzcucuta.co\/index.php?rest_route=%2Fwp%2Fv2%2Fmedia&parent=20850"}],"wp:term":[{"taxonomy":"category","embeddable":true,"href":"https:\/\/contraluzcucuta.co\/index.php?rest_route=%2Fwp%2Fv2%2Fcategories&post=20850"},{"taxonomy":"post_tag","embeddable":true,"href":"https:\/\/contraluzcucuta.co\/index.php?rest_route=%2Fwp%2Fv2%2Ftags&post=20850"}],"curies":[{"name":"wp","href":"https:\/\/api.w.org\/{rel}","templated":true}]}}