{"id":20847,"date":"2014-02-26T22:17:11","date_gmt":"2014-02-27T03:17:11","guid":{"rendered":"http:\/\/contraluzcucuta.co\/?p=20847"},"modified":"2014-02-26T22:17:11","modified_gmt":"2014-02-27T03:17:11","slug":"elio-serrano-la-catedra-no-nace-inmadura","status":"publish","type":"post","link":"https:\/\/contraluzcucuta.co\/?p=20847","title":{"rendered":"Elio Serrano. \u201cLa C\u00e1tedra no nace inmadura\u201d"},"content":{"rendered":"<p><strong>Palabras en la apertura de la C\u00e1tedra &#8216;Eustorgio Colmenares&#8217;<\/strong><\/p>\n<p><b>C\u00daCUTA.-<\/b> El lanzamiento de la <a href=\"https:\/\/www.facebook.com\/media\/set\/?set=a.830500053643777.1073741827.204163496277439&amp;type=3&amp;uploaded=18\">C\u00e1tedra \u2018Eustorgio Colmenares Baptista\u2019<\/a> es un homenaje al periodismo nortesantandereano. Con orgullo la Universidad de Pamplona, a trav\u00e9s del programa de Comunicaci\u00f3n Social \u2013 sede Villa del Rosario, recibe a la casa editorial m\u00e1s representativa de la regi\u00f3n enarbolando las banderas de la libertad de expresi\u00f3n y la verdad en busca del bien com\u00fan. La memoria del doctor Colmenares sigue perenne con el diario y ahora llega a las aulas del alma mater como testimonio de una tradici\u00f3n que actualiza, informa, profundiza y genera opini\u00f3n.<\/p>\n<p>Los nombres de <a href=\"https:\/\/contraluzcucuta.co\/articulos\/salud-hernandez-colombia-jamas-elegira-a-un-fantoche-como-maduro\/\">Salud Hern\u00e1ndez<\/a>, Antonio Lizarazo y Javier Restrepo conforman la trilog\u00eda b\u00e1sica del buen periodismo, resumido en intelecto, sapiencia sobre las normas y conocimiento cient\u00edfico en el \u00e1mbito de las ciencias sociales, las humanidades y los medios de comunicaci\u00f3n. El tema que convoca este agradable encuentro no puede ser otro que el de las elecciones 2014. \u00bfQu\u00e9 existe m\u00e1s all\u00e1 de las encuestas? \u00bfQu\u00e9 est\u00e1n eligiendo Colombia y Norte de Santander en la cercana contienda? \u00bfCu\u00e1l es la idea de pa\u00eds y las expectativas de cubrimiento?<\/p>\n<p><a href=\"https:\/\/contraluzcucuta.co\/articulos\/catedra-eustorgio-colmenares-espacio-de-discusion-debate-y-opinion\/\">La C\u00e1tedra<\/a> no nace inmadura, por el contrario, una excelsa combinaci\u00f3n d experiencia, trayectoria institucional y miradas diferentes ante los fen\u00f3menos sociales constituyen la base de la construcci\u00f3n de nuevas actitudes y puntos de vista de los comunicadores en formaci\u00f3n.<\/p>\n<p>Todo el tiempo la comunidad reclama la presencia de la academia como factor de inclusi\u00f3n y compromiso. Todo el tiempo la comunidad reclama una prensa comprometida con la zona de frontera. Pues bien, lleg\u00f3 ese tiempo, el tiempo en que el periodismo y la academia se unen para producir periodismo de calidad.<\/p>\n<p>Algunos extra\u00f1amos la pluma de Lucas Caballero Calder\u00f3n (Klim). Los Samper Pizano y Ospina heredaron ese humor; otros, las l\u00edneas de los Santos. El Tiempo tambi\u00e9n se renov\u00f3, ni hablar de la valent\u00eda de los Cano, con El Espectador que el narcotr\u00e1fico intent\u00f3 acabar, pero se neg\u00f3 a morir. Imposible, tambi\u00e9n, dejar de hablar de La Opini\u00f3n, v\u00edctima de la absurda violencia del pa\u00eds y sigue firme ah\u00ed. Herencia de valent\u00eda, de perseverancia. A la familia Colmenares mis m\u00e1s sinceras felicitaciones.<\/p>\n<p>Por eso la Universidad toc\u00f3 sus puertas, sum\u00f3 voluntades y ha creado una camarader\u00eda de profesionalismo buscando formar nuevos constructores de la informaci\u00f3n, o mejor de una buena comunicaci\u00f3n. En eso somos claros, y reconocemos que la C\u00e1tedra no compromete la imparcialidad del matutino. Por el contrario, porque somos trasparentes en nuestro actos, y como entidad p\u00fablica, sabemos que estamos en la mira de la censura moral que ejercen los medios. Caminar de la mano se convierte en una refrendaci\u00f3n del compromiso \u00e9tico y responsable que encierra nuestra misi\u00f3n y visi\u00f3n en la formaci\u00f3n de seres \u00edntegros y comprometidos con la regi\u00f3n y el pa\u00eds.<\/p>\n<p>Los temas de frontera no ser\u00e1n ajenos a la C\u00e1tedra. La producci\u00f3n de documentos y pensamientos le contar\u00e1 a un pa\u00eds de la realidad de los nortesantandereanos. Nos permitir\u00e1 decirles a nuestros vecinos qu\u00e9 tanto nos parecemos \u00a0y cu\u00e1nto nos diferenciamos. Permitir\u00e1 generar un tanque de reflexiones y conocimientos que, seguramente, ser\u00e1n referentes de un futuro mejor. Estudiantes y firmantes de este convenio que oficializa la C\u00e1tedra\u2026 el futuro lo comenzamos a escribir hoy.<\/p>\n<p><b>ELIO SERRANO<\/b><\/p>\n<p><b>Rector de la Universidad de Pamplona<\/b><\/p>\n<p><b>Foto: MARCO S\u00daA<\/b><\/p>\n<p>&nbsp; <\/p>\n","protected":false},"excerpt":{"rendered":"<p>Palabras en la apertura de la C\u00e1tedra &#8216;Eustorgio Colmenares&#8217; C\u00daCUTA.- El lanzamiento de la C\u00e1tedra \u2018Eustorgio Colmenares Baptista\u2019 es un homenaje al periodismo nortesantandereano. Con orgullo la Universidad de Pamplona, a trav\u00e9s del programa de Comunicaci\u00f3n Social \u2013 sede Villa del Rosario, recibe a la casa editorial m\u00e1s representativa de la regi\u00f3n enarbolando las banderas &hellip;<\/p>\n","protected":false},"author":1,"featured_media":20848,"comment_status":"open","ping_status":"open","sticky":false,"template":"","format":"standard","meta":{"footnotes":""},"categories":[74,4,9],"tags":[1185,554,161],"class_list":["post-20847","post","type-post","status-publish","format-standard","has-post-thumbnail","hentry","category-aula-universitaria","category-barra","category-politica","tag-catedra-eustorgio-colmenares","tag-elio-serrano","tag-universidad-de-pamplona"],"_links":{"self":[{"href":"https:\/\/contraluzcucuta.co\/index.php?rest_route=\/wp\/v2\/posts\/20847","targetHints":{"allow":["GET"]}}],"collection":[{"href":"https:\/\/contraluzcucuta.co\/index.php?rest_route=\/wp\/v2\/posts"}],"about":[{"href":"https:\/\/contraluzcucuta.co\/index.php?rest_route=\/wp\/v2\/types\/post"}],"author":[{"embeddable":true,"href":"https:\/\/contraluzcucuta.co\/index.php?rest_route=\/wp\/v2\/users\/1"}],"replies":[{"embeddable":true,"href":"https:\/\/contraluzcucuta.co\/index.php?rest_route=%2Fwp%2Fv2%2Fcomments&post=20847"}],"version-history":[{"count":1,"href":"https:\/\/contraluzcucuta.co\/index.php?rest_route=\/wp\/v2\/posts\/20847\/revisions"}],"predecessor-version":[{"id":20849,"href":"https:\/\/contraluzcucuta.co\/index.php?rest_route=\/wp\/v2\/posts\/20847\/revisions\/20849"}],"wp:featuredmedia":[{"embeddable":true,"href":"https:\/\/contraluzcucuta.co\/index.php?rest_route=\/wp\/v2\/media\/20848"}],"wp:attachment":[{"href":"https:\/\/contraluzcucuta.co\/index.php?rest_route=%2Fwp%2Fv2%2Fmedia&parent=20847"}],"wp:term":[{"taxonomy":"category","embeddable":true,"href":"https:\/\/contraluzcucuta.co\/index.php?rest_route=%2Fwp%2Fv2%2Fcategories&post=20847"},{"taxonomy":"post_tag","embeddable":true,"href":"https:\/\/contraluzcucuta.co\/index.php?rest_route=%2Fwp%2Fv2%2Ftags&post=20847"}],"curies":[{"name":"wp","href":"https:\/\/api.w.org\/{rel}","templated":true}]}}