{"id":20844,"date":"2014-02-26T21:36:54","date_gmt":"2014-02-27T02:36:54","guid":{"rendered":"http:\/\/contraluzcucuta.co\/?p=20844"},"modified":"2014-02-26T21:36:54","modified_gmt":"2014-02-27T02:36:54","slug":"catedra-eustorgio-colmenares-espacio-de-discusion-debate-y-opinion","status":"publish","type":"post","link":"https:\/\/contraluzcucuta.co\/?p=20844","title":{"rendered":"C\u00e1tedra \u2018Eustorgio Colmenares\u2019. Espacio de discusi\u00f3n, debate y opini\u00f3n"},"content":{"rendered":"<p>&nbsp;<\/p>\n<p><b>C\u00daCUTA.-<\/b> La Universidad de Pamplona y La Opini\u00f3n se unieron para poner en marcha la <a href=\"https:\/\/www.facebook.com\/media\/set\/?set=a.830500053643777.1073741827.204163496277439&amp;type=1\">c\u00e1tedra de periodismo \u2018Eustorgio Colmenares\u2019<\/a>, con el objetivo b\u00e1sico de acercar a los estudiantes de Comunicaci\u00f3n Social a la pr\u00e1ctica real del periodismo escrito.<\/p>\n<p>La apertura del foro se cumpli\u00f3, este 26 de febrero, en el auditorio dos del campus de Villa del Rosario, con participaci\u00f3n de Salud Hern\u00e1ndez, periodista espa\u00f1ola nacionalizada; Antonio Jos\u00e9 Lizarazo, exmagistrado; Napole\u00f3n Franco, encuestador nacional, y Javier Restrepo, analista de encuestas.<\/p>\n<p>Estudiantes de diversos semestres colmaron el teatro universitario y permanecieron atentos a las explicaciones en torno a encuestas, pol\u00edtica y normas electorales. La presentaci\u00f3n corri\u00f3 por cuenta de Jos\u00e9 Eustorgio Colmenares, director del matutino cucute\u00f1o, y Elio Serrano, rector del centro de estudios superiores.<\/p>\n<p>En el segundo semestre del 2014 se cumplir\u00e1 una nueva actividad con panelistas regionales y nacionales para analizar la situaci\u00f3n de Colombia, en general, y de Norte de Santander, en particular. Los tremas se escoger\u00e1n e su momento y ser\u00e1n de utilidad y actualidad para el debate.<\/p>\n<p>\u201cVamos a implementar un programa de becas entre la universidad y el peri\u00f3dico para que mucha gente desde el comienzo de la carrera pueda asistir al peri\u00f3dico, conozca c\u00f3mo se hace y c\u00f3mo es la vida del periodista\u201d, dijo Jos\u00e9 Eustorgio Colmenares.<\/p>\n<p>La Universidad de Pamplona hizo la propuesta a los directivos del rotativo cucute\u00f1o y \u201cnosotros la acogimos con el mayor benepl\u00e1cito, por lo que lleva el nombre de mi pap\u00e1, y porque es un homenaje a \u00e9l\u201d. Adem\u00e1s, \u00a0porque de esta manera contribuir\u00e1n de alguna manera a mejorar la calidad del periodismo en la regi\u00f3n.<\/p>\n<p>La C\u00e1tedra aumentar\u00e1 los espacios de reflexi\u00f3n en la ciudad. Habr\u00e1 dos oportunidades al a\u00f1o para el debate, que no exist\u00edan en C\u00facuta. \u201cEs una invitaci\u00f3n abierta para que los periodistas que quieran vengan, participen, discutan, oigan y pregunten lo que sea\u201d.<\/p>\n<p>El objetivo es que repercuta en el mejoramiento de la calidad del periodismo, tanto del que se ense\u00f1a en la universidad como del que se ejerce en la regi\u00f3n.<\/p>\n<p>\u00bfC\u00f3mo le pareci\u00f3 el comienzo? \u201cBueno. Tal vez, para los estudiantes, un poco pesada la parte legislativa y de encuestas, pero se gozaron a Salud Hern\u00e1ndez, que es la atracci\u00f3n\u201d, concluy\u00f3 Jos\u00e9 Eustorgio Colmenares, director de La Opini\u00f3n.<\/p>\n<p><b>RAFAEL ANTONIO PAB\u00d3N<\/b><\/p>\n<p><b><a href=\"mailto:rafaelpabon58@hotmail.com\">rafaelpabon58@hotmail.com<\/a><\/b><\/p>\n<p><b>Foto: MARCO S\u00daA<\/b><\/p>\n<p>&nbsp;<\/p>\n<p>&nbsp; <\/p>\n","protected":false},"excerpt":{"rendered":"<p>&nbsp; C\u00daCUTA.- La Universidad de Pamplona y La Opini\u00f3n se unieron para poner en marcha la c\u00e1tedra de periodismo \u2018Eustorgio Colmenares\u2019, con el objetivo b\u00e1sico de acercar a los estudiantes de Comunicaci\u00f3n Social a la pr\u00e1ctica real del periodismo escrito. La apertura del foro se cumpli\u00f3, este 26 de febrero, en el auditorio dos del &hellip;<\/p>\n","protected":false},"author":1,"featured_media":20845,"comment_status":"open","ping_status":"open","sticky":false,"template":"","format":"standard","meta":{"footnotes":""},"categories":[74,4],"tags":[1185,318,1186,161],"class_list":["post-20844","post","type-post","status-publish","format-standard","has-post-thumbnail","hentry","category-aula-universitaria","category-barra","tag-catedra-eustorgio-colmenares","tag-cucuta","tag-la-opinion","tag-universidad-de-pamplona"],"_links":{"self":[{"href":"https:\/\/contraluzcucuta.co\/index.php?rest_route=\/wp\/v2\/posts\/20844","targetHints":{"allow":["GET"]}}],"collection":[{"href":"https:\/\/contraluzcucuta.co\/index.php?rest_route=\/wp\/v2\/posts"}],"about":[{"href":"https:\/\/contraluzcucuta.co\/index.php?rest_route=\/wp\/v2\/types\/post"}],"author":[{"embeddable":true,"href":"https:\/\/contraluzcucuta.co\/index.php?rest_route=\/wp\/v2\/users\/1"}],"replies":[{"embeddable":true,"href":"https:\/\/contraluzcucuta.co\/index.php?rest_route=%2Fwp%2Fv2%2Fcomments&post=20844"}],"version-history":[{"count":1,"href":"https:\/\/contraluzcucuta.co\/index.php?rest_route=\/wp\/v2\/posts\/20844\/revisions"}],"predecessor-version":[{"id":20846,"href":"https:\/\/contraluzcucuta.co\/index.php?rest_route=\/wp\/v2\/posts\/20844\/revisions\/20846"}],"wp:featuredmedia":[{"embeddable":true,"href":"https:\/\/contraluzcucuta.co\/index.php?rest_route=\/wp\/v2\/media\/20845"}],"wp:attachment":[{"href":"https:\/\/contraluzcucuta.co\/index.php?rest_route=%2Fwp%2Fv2%2Fmedia&parent=20844"}],"wp:term":[{"taxonomy":"category","embeddable":true,"href":"https:\/\/contraluzcucuta.co\/index.php?rest_route=%2Fwp%2Fv2%2Fcategories&post=20844"},{"taxonomy":"post_tag","embeddable":true,"href":"https:\/\/contraluzcucuta.co\/index.php?rest_route=%2Fwp%2Fv2%2Ftags&post=20844"}],"curies":[{"name":"wp","href":"https:\/\/api.w.org\/{rel}","templated":true}]}}