{"id":20840,"date":"2014-02-26T20:43:52","date_gmt":"2014-02-27T01:43:52","guid":{"rendered":"http:\/\/contraluzcucuta.co\/?p=20840"},"modified":"2014-02-26T20:43:52","modified_gmt":"2014-02-27T01:43:52","slug":"salud-hernandez-colombia-jamas-elegira-a-un-fantoche-como-maduro","status":"publish","type":"post","link":"https:\/\/contraluzcucuta.co\/?p=20840","title":{"rendered":"Salud Hern\u00e1ndez. Colombia jam\u00e1s elegir\u00e1 a un fantoche como Maduro"},"content":{"rendered":"<p><b style=\"line-height: 1.5em;\">C\u00daCUTA.-<\/b><span style=\"line-height: 1.5em;\"> La pol\u00e9mica periodista espa\u00f1ola, nacionalizada hace 10 a\u00f1os colombiana, particip\u00f3 en la apertura de la c\u00e1tedra de periodismo \u2018Eustorgio Colmenares\u2019, impulsada por la Universidad de Pamplona y La Opini\u00f3n. En la exposici\u00f3n hizo apreciaciones sobre pol\u00edtica y aspectos de la vida nacional.<\/span><\/p>\n<p>\u201cSi lo peri\u00f3dicos son gobiernistas la gente se aburre y no los lee\u201d, dej\u00f3 como mensaje a los estudiantes de Comunicaci\u00f3n Social que llenaron el auditorio del campus de Villa del Rosario.<\/p>\n<p><b>\u00bfCu\u00e1l es la impresi\u00f3n que le deja el foro?<\/b><\/p>\n<p>Estos foros son importantes para que los estudiantes debatan o vean debates, y que se interesen por cuestiones que normalmente escapan a su radar. La pol\u00edtica no les importa nada. Al menos sirven para despertarles una inquietud. Esa es la importancia de estos foros.<\/p>\n<p><b>\u00bfDe d\u00f3nde sale esa parte aguerrida suya?<\/b><\/p>\n<p>Mi abuela se llamaba salud y era malgeniada. Era como santandereana.<\/p>\n<p><b>\u00bfUsted cree que hay democracia en el pa\u00eds?<\/b><\/p>\n<p>S\u00ed creo que hay una democracia, con demasiados defectos, pero es una democracia. No puedo quejarme, digo y manifiesto lo que quiero y los partidos con las limitaciones que sabemos hacen sus campa\u00f1as. Es una democracia imperfecta, pero es una democracia.<\/p>\n<p><b>\u00bfPor qu\u00e9 hace \u00e9nfasis en el voto en blanco?<\/b><\/p>\n<p>Dentro de la democracia est\u00e1 el voto en blanco. Es una opci\u00f3n de los que decimos \u2018corr\u00edjanse ustedes, cambien, y cuando cambien los volveremos a votar\u2019. Es como una llamada de atenci\u00f3n. Es, precisamente, un acto democr\u00e1tico.<\/p>\n<p><b>\u00bfC\u00f3mo equipara el franquismo espa\u00f1ol de d\u00e9cadas atr\u00e1s y la democracia colombiana? <\/b><\/p>\n<p>Es distinto, porque Colombia es uno de los pocos pa\u00edses latinoamericanos que no han tenido una dictadura de m\u00e1s de tres a\u00f1os. No ha tenido la dictadura larga que han tenido otros, o como la de Espa\u00f1a que fue de 40 a\u00f1os. Son dos situaciones completamente distintas. Son realidades distintas.<\/p>\n<p><b>\u00bfCree que en Colombia pueda pasar lo que ocurri\u00f3 en Venezuela?<\/b><\/p>\n<p>No, no creo que Colombia sea un pa\u00eds que aceptara a un loco como Maduro. Estamos lejos de (tener en la presidencia) un inepto y un dictador como Maduro, tan intransigente y que desprecia e insulta permanentemente a la mitad de su pa\u00eds. No creo. Creo que estamos muy lejos de eso. No puedo ni imaginarlo. No creo que Colombia jam\u00e1s vaya a elegir a un fantoche como ese.<\/p>\n<p><b>\u00bfC\u00f3mo se deben preparar los ciudadanos frente a las elecciones que se avecinan?<\/b><\/p>\n<p>Al menos que se las tomen en serio, que sepan que de ese Congreso se van a derivar muchas leyes que les afectar\u00e1 la vida cotidiana. S\u00e9 que lo que se dice siempre, escogen a determinados pol\u00edticos y luego se quejan de la corrupci\u00f3n. Las elecciones, por desgracia, son mucho m\u00e1s importantes para la vida cotidiana de lo que mucha gente cree.<\/p>\n<p><b>\u00bfC\u00f3mo ve al pa\u00eds dentro de cuatro a\u00f1os?<\/b><\/p>\n<p>Pues, habr\u00e1 una firma de algo con la guerrilla. Da igual que gane Santos, Zuluaga o Marta Luc\u00eda Ram\u00edrez. Los tres van a seguir la negociaci\u00f3n. Ustedes, van a estar fastidiados, porque Norte de Santander se va a entregar a las Farc y al Eln para firmar esos acuerdos con la m\u00e1scara de una zona de reserva campesina. Adem\u00e1s, tienen la desgracia que tenemos chavismo para rato. Van a tener esos vaivenes econ\u00f3micos, porque ese pa\u00eds va a estar inestable por un tiempo largo, desgraciadamente. Ojal\u00e1 me equivoque en las dos previsiones.<\/p>\n<p><b>\u00bfHabr\u00e1 otra Constituyente a ra\u00edz de la firma del proceso de paz?<\/b><\/p>\n<p>Si el presidente Santos la \u00fanica manera de firmar, antes de irse del Gobierno, es haciendo una constituyente por solicitud de la guerrilla les va a dar lo que pidan. Esperemos que haya otras personas a su lado que no le autoricen ese exabrupto. Creo que el pueblo no lo tragar\u00eda.<\/p>\n<p><b>\u00bfC\u00f3mo ve el debate que se avecina en el Congreso con Uribe y Navarro como protagonistas?<\/b><\/p>\n<p>Veo m\u00e1s de lo mismo. Es decir, un poco m\u00e1s de debate, porque Uribe al principio despertar\u00e1 algo de curiosidad. No creo que cambie nada ni con el uno ni con el otro.<\/p>\n<p><b>RAFAEL ANTONIO CAMPEROS<\/b><\/p>\n<p><b><a href=\"mailto:rancahi@gmail.com\">rancahi@gmail.com<\/a><\/b><\/p>\n<p>Foto: MARCO S\u00daA<\/p>\n<p>&nbsp;<\/p>\n<p>&nbsp;<\/p>\n<p>&nbsp;<\/p>\n<p>&nbsp;<\/p>\n<p>&nbsp; <\/p>\n","protected":false},"excerpt":{"rendered":"<p>C\u00daCUTA.- La pol\u00e9mica periodista espa\u00f1ola, nacionalizada hace 10 a\u00f1os colombiana, particip\u00f3 en la apertura de la c\u00e1tedra de periodismo \u2018Eustorgio Colmenares\u2019, impulsada por la Universidad de Pamplona y La Opini\u00f3n. En la exposici\u00f3n hizo apreciaciones sobre pol\u00edtica y aspectos de la vida nacional. \u201cSi lo peri\u00f3dicos son gobiernistas la gente se aburre y no los &hellip;<\/p>\n","protected":false},"author":1,"featured_media":20842,"comment_status":"open","ping_status":"open","sticky":false,"template":"","format":"standard","meta":{"footnotes":""},"categories":[4,9],"tags":[1184],"class_list":["post-20840","post","type-post","status-publish","format-standard","has-post-thumbnail","hentry","category-barra","category-politica","tag-salud-hernandez"],"_links":{"self":[{"href":"https:\/\/contraluzcucuta.co\/index.php?rest_route=\/wp\/v2\/posts\/20840","targetHints":{"allow":["GET"]}}],"collection":[{"href":"https:\/\/contraluzcucuta.co\/index.php?rest_route=\/wp\/v2\/posts"}],"about":[{"href":"https:\/\/contraluzcucuta.co\/index.php?rest_route=\/wp\/v2\/types\/post"}],"author":[{"embeddable":true,"href":"https:\/\/contraluzcucuta.co\/index.php?rest_route=\/wp\/v2\/users\/1"}],"replies":[{"embeddable":true,"href":"https:\/\/contraluzcucuta.co\/index.php?rest_route=%2Fwp%2Fv2%2Fcomments&post=20840"}],"version-history":[{"count":1,"href":"https:\/\/contraluzcucuta.co\/index.php?rest_route=\/wp\/v2\/posts\/20840\/revisions"}],"predecessor-version":[{"id":20843,"href":"https:\/\/contraluzcucuta.co\/index.php?rest_route=\/wp\/v2\/posts\/20840\/revisions\/20843"}],"wp:featuredmedia":[{"embeddable":true,"href":"https:\/\/contraluzcucuta.co\/index.php?rest_route=\/wp\/v2\/media\/20842"}],"wp:attachment":[{"href":"https:\/\/contraluzcucuta.co\/index.php?rest_route=%2Fwp%2Fv2%2Fmedia&parent=20840"}],"wp:term":[{"taxonomy":"category","embeddable":true,"href":"https:\/\/contraluzcucuta.co\/index.php?rest_route=%2Fwp%2Fv2%2Fcategories&post=20840"},{"taxonomy":"post_tag","embeddable":true,"href":"https:\/\/contraluzcucuta.co\/index.php?rest_route=%2Fwp%2Fv2%2Ftags&post=20840"}],"curies":[{"name":"wp","href":"https:\/\/api.w.org\/{rel}","templated":true}]}}