{"id":20833,"date":"2014-02-25T22:05:48","date_gmt":"2014-02-26T03:05:48","guid":{"rendered":"http:\/\/contraluzcucuta.co\/?p=20833"},"modified":"2014-02-25T23:01:24","modified_gmt":"2014-02-26T04:01:24","slug":"ministro-de-trabajo-inauguro-nuevo-centro-publico-de-empleo","status":"publish","type":"post","link":"https:\/\/contraluzcucuta.co\/?p=20833","title":{"rendered":"Ministro de Trabajo inaugur\u00f3 Centro P\u00fablico de Empleo"},"content":{"rendered":"<p><b style=\"line-height: 1.5em;\">C\u00daCUTA.-<\/b><span style=\"line-height: 1.5em;\"> La capital de Norte de Santander se sum\u00f3 a los 189 puntos de atenci\u00f3n que hay en 70 municipios del pa\u00eds. Mediante estos centros \u00a0113.000 ciudadanos han conseguido trabajo. Del total, \u00a02898 corresponden al departamento.<\/span><\/p>\n<p>Centro P\u00fablico de Empleo de C\u00facuta se inaugur\u00f3, este 25 de febrero, como alternativa para disminuir los altos \u00edndices de desempleo y de informalidad. En la ciudad de los 794.000 habitantes, 421.000 son econ\u00f3micamente activos. La tasa de desocupados asciende a 54.000.<\/p>\n<p>En el 2013, se super\u00f3 la meta de generaci\u00f3n de empleo en 108 %, lo que significa que 6800 personas desempe\u00f1aron una labor contractual en Norte de Santander, en desarrollo de proyectos impulsados por las secretar\u00edas de Desarrollo Econ\u00f3mico, Tr\u00e1nsito, Vivienda, Mujer, Aguas, Cultura, Gobierno e Infraestructura, y los planes de choque del Servicios Nacional de Aprendizaje.<\/p>\n<p>Del total de los empleos, 1520 fueron directos, 2098 temporales, 3036 en \u00a0autoempleo y 146 por \u00d3rdenes de Prestaci\u00f3n de Servicios.<\/p>\n<p>Las asociaciones productivas han aportado la mayor cantidad de ocupados. Uno de los proyectos priorizados se focaliza hacia el \u2018Fortalecimiento de asociaciones productivas y mypimes de Norte de Santander\u2019.<\/p>\n<p>La administraci\u00f3n departamental desarrolla el Plan para la Generaci\u00f3n de Empleo, con el que proyecta ocupar en alguna actividad a 7768 personas, en la regi\u00f3n.<\/p>\n<p>Los interesados en conseguir trabajo podr\u00e1n llevar la hoja de vida al \u00a0Centro P\u00fablico de Empleo, que tiene capacidad para atender a 600 usuarios al mes. La apertura cont\u00f3 con la asistencia del ministro de Trabajo, Rafael Pardo; el director de la Unidad del Servicio P\u00fablico de Empleo, Luis Ernesto G\u00f3mez; la directora de Comfanorte, Claudia Uribe, y el director de la Agencia de Empleo de Comfanorte, Juan Sayago.<\/p>\n<p>Los ciudadanos encontrar\u00e1n de manera gratuita los siguientes servicios:<\/p>\n<p>1.- An\u00e1lisis de perfiles, aptitudes, conocimientos y cualificaci\u00f3n profesional<\/p>\n<p>2.- Publicaci\u00f3n del perfil ocupacional de empleo ofertado<\/p>\n<p>3.- Orientaci\u00f3n e informaci\u00f3n laboral<\/p>\n<p>4.- Remisi\u00f3n a programas de empleabilidad<\/p>\n<p>5.- Preselecci\u00f3n y remisi\u00f3n de oferentes de empleo.<\/p>\n<p>&nbsp;<\/p>\n<p>&nbsp; <\/p>\n","protected":false},"excerpt":{"rendered":"<p>C\u00daCUTA.- La capital de Norte de Santander se sum\u00f3 a los 189 puntos de atenci\u00f3n que hay en 70 municipios del pa\u00eds. Mediante estos centros \u00a0113.000 ciudadanos han conseguido trabajo. Del total, \u00a02898 corresponden al departamento. Centro P\u00fablico de Empleo de C\u00facuta se inaugur\u00f3, este 25 de febrero, como alternativa para disminuir los altos \u00edndices &hellip;<\/p>\n","protected":false},"author":1,"featured_media":20834,"comment_status":"open","ping_status":"open","sticky":false,"template":"","format":"standard","meta":{"footnotes":""},"categories":[541,4],"tags":[1181,202,527],"class_list":["post-20833","post","type-post","status-publish","format-standard","has-post-thumbnail","hentry","category-ciudad","category-barra","tag-centro-publico-de-empleo","tag-comfanorte","tag-ministerio-de-trabajo"],"_links":{"self":[{"href":"https:\/\/contraluzcucuta.co\/index.php?rest_route=\/wp\/v2\/posts\/20833","targetHints":{"allow":["GET"]}}],"collection":[{"href":"https:\/\/contraluzcucuta.co\/index.php?rest_route=\/wp\/v2\/posts"}],"about":[{"href":"https:\/\/contraluzcucuta.co\/index.php?rest_route=\/wp\/v2\/types\/post"}],"author":[{"embeddable":true,"href":"https:\/\/contraluzcucuta.co\/index.php?rest_route=\/wp\/v2\/users\/1"}],"replies":[{"embeddable":true,"href":"https:\/\/contraluzcucuta.co\/index.php?rest_route=%2Fwp%2Fv2%2Fcomments&post=20833"}],"version-history":[{"count":2,"href":"https:\/\/contraluzcucuta.co\/index.php?rest_route=\/wp\/v2\/posts\/20833\/revisions"}],"predecessor-version":[{"id":20839,"href":"https:\/\/contraluzcucuta.co\/index.php?rest_route=\/wp\/v2\/posts\/20833\/revisions\/20839"}],"wp:featuredmedia":[{"embeddable":true,"href":"https:\/\/contraluzcucuta.co\/index.php?rest_route=\/wp\/v2\/media\/20834"}],"wp:attachment":[{"href":"https:\/\/contraluzcucuta.co\/index.php?rest_route=%2Fwp%2Fv2%2Fmedia&parent=20833"}],"wp:term":[{"taxonomy":"category","embeddable":true,"href":"https:\/\/contraluzcucuta.co\/index.php?rest_route=%2Fwp%2Fv2%2Fcategories&post=20833"},{"taxonomy":"post_tag","embeddable":true,"href":"https:\/\/contraluzcucuta.co\/index.php?rest_route=%2Fwp%2Fv2%2Ftags&post=20833"}],"curies":[{"name":"wp","href":"https:\/\/api.w.org\/{rel}","templated":true}]}}