{"id":20830,"date":"2014-02-25T20:22:46","date_gmt":"2014-02-26T01:22:46","guid":{"rendered":"http:\/\/contraluzcucuta.co\/?p=20830"},"modified":"2014-02-25T20:22:46","modified_gmt":"2014-02-26T01:22:46","slug":"escuela-amable-sedes-educativas-rurales-seran-adecuadas-por-la-gobernacion-y-el-sena","status":"publish","type":"post","link":"https:\/\/contraluzcucuta.co\/?p=20830","title":{"rendered":"\u2018Escuela Amable\u2019. Sedes educativas rurales ser\u00e1n adecuadas por la Gobernaci\u00f3n y el Sena"},"content":{"rendered":"<p>C\u00daCUTA .-\u00a0Las sedes educativas rurales de 12 municipios de Norte de Santander ser\u00e1n atendidas por el proyecto \u2018Escuela Amable\u2019, \u00a0en cumplimiento de la alianza suscrita por la Gobernaci\u00f3n y el Sena.<\/p>\n<p>El programa \u2018Educaci\u00f3n para todos\u2019 llegar\u00e1 a los lugares apartados de Arboledas, C\u00e1cota, Convenci\u00f3n, Gramalote,\u00a0 La Esperanza, Pamplona, Pamplonita, Silos, Teorama, El Tarra, San Calixto y San Cayetano.<\/p>\n<p>La alianza \u00a0une recursos econ\u00f3micos y mano de obra para mejorar\u00a0 las necesidades de la poblaci\u00f3n estudiantil. El convenio permitir\u00e1 la construcci\u00f3n de aulas y bater\u00edas temporales en instituciones educativas rurales.<\/p>\n<p>Muchas veces, las escuelas apartadas no tienen escrituras, est\u00e1n en mal estado, no les llegan recursos por regal\u00edas ni por la Ley 21, y los alcaldes no pueden asignarles partidas. Esta modalidad beneficia a m\u00e1s ni\u00f1os con aulas y ambientes escolares dignos.<\/p>\n<p>Los alcaldes aportaron recursos para el traslado de los materiales hasta el sitio seleccionado. La comunidad se involucra en el proceso de construcci\u00f3n como colaboradores.<\/p>\n<p>En el 2013, el gobierno departamental entreg\u00f3 6 aulas, \u00a0este a\u00f1o la meta es la construcci\u00f3n de 30 salones de clase en El Catatumbo o zonas apartadas.\u00a0\u00a0 En un plazo no mayor 10 d\u00edas,\u00a0 luego de la donaci\u00f3n de los materiales, se entregan las aulas temporales que garantizan ambientes dignos a m\u00e1s de 3500 estudiantes de 12 municipios.<\/p>\n<p>La alianza, adem\u00e1s de optimizar recursos, permite que en\u00a0 los municipios se\u00a0 capaciten aprendices en mano de obra para que luego de construir las aulas tengan la posibilidad de desempe\u00f1arse como t\u00e9cnicos de construcci\u00f3n.<\/p>\n<p>La inversi\u00f3n asciende a $ 600 millones, e incluye el pago de la formaci\u00f3n\u00a0 y los recursos del Fondo de Industria de la Construcci\u00f3n para el pago de sostenimiento de los aprendices que participan en los trabajos.<\/p>\n<p>El Sena y la administraci\u00f3n departamental adelantan trabajos conjuntos en puentes, viviendas prefabricadas, convenio con las TIC\u00a0 y dotaciones para mejorar estructuras f\u00edsicas educativas en las sedes de C\u00facuta.<\/p>\n<p>&nbsp; <\/p>\n","protected":false},"excerpt":{"rendered":"<p>C\u00daCUTA .-\u00a0Las sedes educativas rurales de 12 municipios de Norte de Santander ser\u00e1n atendidas por el proyecto \u2018Escuela Amable\u2019, \u00a0en cumplimiento de la alianza suscrita por la Gobernaci\u00f3n y el Sena. El programa \u2018Educaci\u00f3n para todos\u2019 llegar\u00e1 a los lugares apartados de Arboledas, C\u00e1cota, Convenci\u00f3n, Gramalote,\u00a0 La Esperanza, Pamplona, Pamplonita, Silos, Teorama, El Tarra, San &hellip;<\/p>\n","protected":false},"author":1,"featured_media":20831,"comment_status":"open","ping_status":"open","sticky":false,"template":"","format":"standard","meta":{"footnotes":""},"categories":[556,4],"tags":[1180,379,159],"class_list":["post-20830","post","type-post","status-publish","format-standard","has-post-thumbnail","hentry","category-departamento","category-barra","tag-escuela-amable","tag-gobernacion-de-norte-de-santander","tag-sena"],"_links":{"self":[{"href":"https:\/\/contraluzcucuta.co\/index.php?rest_route=\/wp\/v2\/posts\/20830","targetHints":{"allow":["GET"]}}],"collection":[{"href":"https:\/\/contraluzcucuta.co\/index.php?rest_route=\/wp\/v2\/posts"}],"about":[{"href":"https:\/\/contraluzcucuta.co\/index.php?rest_route=\/wp\/v2\/types\/post"}],"author":[{"embeddable":true,"href":"https:\/\/contraluzcucuta.co\/index.php?rest_route=\/wp\/v2\/users\/1"}],"replies":[{"embeddable":true,"href":"https:\/\/contraluzcucuta.co\/index.php?rest_route=%2Fwp%2Fv2%2Fcomments&post=20830"}],"version-history":[{"count":1,"href":"https:\/\/contraluzcucuta.co\/index.php?rest_route=\/wp\/v2\/posts\/20830\/revisions"}],"predecessor-version":[{"id":20832,"href":"https:\/\/contraluzcucuta.co\/index.php?rest_route=\/wp\/v2\/posts\/20830\/revisions\/20832"}],"wp:featuredmedia":[{"embeddable":true,"href":"https:\/\/contraluzcucuta.co\/index.php?rest_route=\/wp\/v2\/media\/20831"}],"wp:attachment":[{"href":"https:\/\/contraluzcucuta.co\/index.php?rest_route=%2Fwp%2Fv2%2Fmedia&parent=20830"}],"wp:term":[{"taxonomy":"category","embeddable":true,"href":"https:\/\/contraluzcucuta.co\/index.php?rest_route=%2Fwp%2Fv2%2Fcategories&post=20830"},{"taxonomy":"post_tag","embeddable":true,"href":"https:\/\/contraluzcucuta.co\/index.php?rest_route=%2Fwp%2Fv2%2Ftags&post=20830"}],"curies":[{"name":"wp","href":"https:\/\/api.w.org\/{rel}","templated":true}]}}