{"id":20824,"date":"2014-02-25T19:24:07","date_gmt":"2014-02-26T00:24:07","guid":{"rendered":"http:\/\/contraluzcucuta.co\/?p=20824"},"modified":"2014-02-25T19:24:07","modified_gmt":"2014-02-26T00:24:07","slug":"trece-especies-comparten-el-parque-natural-tama","status":"publish","type":"post","link":"https:\/\/contraluzcucuta.co\/?p=20824","title":{"rendered":"Trece especies comparten el Parque Natural Tam\u00e1"},"content":{"rendered":"<p><b style=\"line-height: 1.5em;\">PAMPLONA \u2013 Norte de Santander.-<\/b><span style=\"line-height: 1.5em;\"> Trece especies de mam\u00edferos comparten las diversas \u00e1reas del Parque Nacional Natural Tam\u00e1 (PNN), en Norte de Santander. Destacan el oso andino, venado rojo, \u00f1eque, zorrillo, puma, coat\u00ed, guartinaja, tigrillo, ardilla, zarig\u00fceya, rat\u00f3n de campo y murci\u00e9lagos.<\/span><\/p>\n<p>El Grupo de Investigaci\u00f3n en Ecolog\u00eda y Biogeograf\u00eda (GIEB), dirigido por el docente Aldemar Acevedo y el estudiante de d\u00e9cimo semestre de biolog\u00eda Carlos C\u00e1ceres, report\u00f3 el primer registro fotogr\u00e1fico del oso andino para el departamento.<\/p>\n<p>Las t\u00e9cnicas de muestreo permiten detectar de manera eficiente el n\u00famero de especies, con distribuci\u00f3n en la zona. Mediante las im\u00e1genes se logr\u00f3 observar e identificar los aspectos ecol\u00f3gicos, comportamientos mentales, horarios de actividad y uso del h\u00e1bitat.<\/p>\n<p>La facultad de Ciencias B\u00e1sicas y el Programa de Biolog\u00eda de la Universidad de Pamplona tienen como objetivo conservar y preservar la biodiversidad del nororiente colombiano. Desde los grupos de investigaci\u00f3n se han construido proyectos que buscan conservar los mam\u00edferos en el departamento.<\/p>\n<p>Entre los prop\u00f3sitos del Grupo de Investigaci\u00f3n est\u00e1n:<\/p>\n<p>1.- Conocer la ecolog\u00eda y el estado de conservaci\u00f3n del oso andino en el Parque Natural Nacional El Tam\u00e1<\/p>\n<p>2.- Posible distribuci\u00f3n en la zona<\/p>\n<p>3.- Contribuir con estrategias de manejo y conservaci\u00f3n junto con Parques Nacionales y entidades ambientales de la regi\u00f3n.<\/p>\n<p>El proyecto \u2018Disponibilidad y ocupaci\u00f3n de h\u00e1bitat del oso andino (Tremarctos ornatus) en el PNNT cuenta con apoyo de Colombia Biodiversa, IDEA WILD, Wildlife Conservation Society, Parques Nacionales, Fundaci\u00f3n Alejandro \u00c1ngel Escobar,\u00a0 Vicerrector\u00eda de Investigaciones y Facultad de Ciencias B\u00e1sicas\u00a0 de la Universidad de Pamplona.<\/p>\n<p>Las investigaciones en el \u00e1rea de la conservaci\u00f3n de los ecosistemas naturales permiten fortalecer los estudios en ecolog\u00eda, distribuci\u00f3n e historia natural de las especies consideradas \u00edconos de los bosques andinos colombianos.<\/p>\n<p>&nbsp; <\/p>\n","protected":false},"excerpt":{"rendered":"<p>PAMPLONA \u2013 Norte de Santander.- Trece especies de mam\u00edferos comparten las diversas \u00e1reas del Parque Nacional Natural Tam\u00e1 (PNN), en Norte de Santander. Destacan el oso andino, venado rojo, \u00f1eque, zorrillo, puma, coat\u00ed, guartinaja, tigrillo, ardilla, zarig\u00fceya, rat\u00f3n de campo y murci\u00e9lagos. El Grupo de Investigaci\u00f3n en Ecolog\u00eda y Biogeograf\u00eda (GIEB), dirigido por el docente &hellip;<\/p>\n","protected":false},"author":1,"featured_media":20825,"comment_status":"open","ping_status":"open","sticky":false,"template":"","format":"standard","meta":{"footnotes":""},"categories":[74,4,347],"tags":[1177,1176],"class_list":["post-20824","post","type-post","status-publish","format-standard","has-post-thumbnail","hentry","category-aula-universitaria","category-barra","category-medio-ambiente","tag-oso-andino","tag-parque-natural-nacional-tama"],"_links":{"self":[{"href":"https:\/\/contraluzcucuta.co\/index.php?rest_route=\/wp\/v2\/posts\/20824","targetHints":{"allow":["GET"]}}],"collection":[{"href":"https:\/\/contraluzcucuta.co\/index.php?rest_route=\/wp\/v2\/posts"}],"about":[{"href":"https:\/\/contraluzcucuta.co\/index.php?rest_route=\/wp\/v2\/types\/post"}],"author":[{"embeddable":true,"href":"https:\/\/contraluzcucuta.co\/index.php?rest_route=\/wp\/v2\/users\/1"}],"replies":[{"embeddable":true,"href":"https:\/\/contraluzcucuta.co\/index.php?rest_route=%2Fwp%2Fv2%2Fcomments&post=20824"}],"version-history":[{"count":1,"href":"https:\/\/contraluzcucuta.co\/index.php?rest_route=\/wp\/v2\/posts\/20824\/revisions"}],"predecessor-version":[{"id":20826,"href":"https:\/\/contraluzcucuta.co\/index.php?rest_route=\/wp\/v2\/posts\/20824\/revisions\/20826"}],"wp:featuredmedia":[{"embeddable":true,"href":"https:\/\/contraluzcucuta.co\/index.php?rest_route=\/wp\/v2\/media\/20825"}],"wp:attachment":[{"href":"https:\/\/contraluzcucuta.co\/index.php?rest_route=%2Fwp%2Fv2%2Fmedia&parent=20824"}],"wp:term":[{"taxonomy":"category","embeddable":true,"href":"https:\/\/contraluzcucuta.co\/index.php?rest_route=%2Fwp%2Fv2%2Fcategories&post=20824"},{"taxonomy":"post_tag","embeddable":true,"href":"https:\/\/contraluzcucuta.co\/index.php?rest_route=%2Fwp%2Fv2%2Ftags&post=20824"}],"curies":[{"name":"wp","href":"https:\/\/api.w.org\/{rel}","templated":true}]}}