{"id":20821,"date":"2014-02-24T22:11:40","date_gmt":"2014-02-25T03:11:40","guid":{"rendered":"http:\/\/contraluzcucuta.co\/?p=20821"},"modified":"2014-02-24T22:11:40","modified_gmt":"2014-02-25T03:11:40","slug":"sortearan-423-apartamentos-entre-victimas-del-conflicto","status":"publish","type":"post","link":"https:\/\/contraluzcucuta.co\/?p=20821","title":{"rendered":"Sortear\u00e1n 423 apartamentos entre v\u00edctimas del conflicto"},"content":{"rendered":"<p><b>C\u00daCUTA.-<\/b> Las familias v\u00edctimas del conflicto armado tendr\u00e1n la oportunidad de hacerse, este martes, a un apartamento de los 423 disponibles en <a href=\"http:\/\/www.100milviviendasgratis.gov.co\/publico\/Micrositio.aspx?Id=190\">Los Estoraques<\/a>. El sorteo se llevar\u00e1 a cabo a las 2:00 de la tarde.<\/p>\n<p>En la jornada de selecci\u00f3n de los habitantes del proyecto de vivienda participar\u00e1n La Alcald\u00eda de C\u00facuta, Metrovivienda, Ministerio de Vivienda, Ciudad y Territorio, y Departamento para la Prosperidad Social (DPS).<\/p>\n<p>La iniciativa corresponde al programa del gobierno cucute\u00f1o para garantizar estabilidad familiar a los habitantes de la capital nortesantandereana, en especial la poblaci\u00f3n vulnerable.<\/p>\n<p>Los participantes en la asignaci\u00f3n de los inmuebles, previamente, cumplieron con la postulaci\u00f3n en las cajas de compensaci\u00f3n locales, en agosto del 2013. La presencia de funcionarios del Fondo Nacional de Vivienda (Fonvivienda), Ministerio de Vivienda, Ciudad y Territorio, y la administraci\u00f3n municipal \u00a0garantiza la trasparencia del sorteo y el cumplimiento de las garant\u00edas exigidas por la ley.<\/p>\n<p><b>PLAN DE TRABAJO PARA EL 2014<\/b><\/p>\n<p>En el sal\u00f3n de sesiones del Concejo de C\u00facuta se desarroll\u00f3 el Comit\u00e9 de Derechos Humanos y se construy\u00f3 el plan de trabajo de los comit\u00e9s municipales y departamentales para el 2014. El grupo de trabajo identific\u00f3 los problemas que aquejan a la comunidad en materia de garant\u00eda y cumplimiento de los derechos.<\/p>\n<p>El Ministerio del Interior tiene la responsabilidad de impulsar, asesorar y apoyar a las entidades territoriales en el dise\u00f1o, organizaci\u00f3n e implementaci\u00f3n de la instancia encargada de articular la pol\u00edtica de derechos humanos del territorio.<\/p>\n<p>M\u00e1s de 30 l\u00edderes comunales del Comit\u00e9 Municipal de Derechos Humanos escucharon y participaron en la capacitaci\u00f3n ofrecida por delegados del ministerio del Interior, y exigieron que se respeten y se cumplan los derechos de las v\u00edctimas del conflicto armado.<\/p>\n<p>El Comit\u00e9 cont\u00f3 con la presencia de Andr\u00e9s Garc\u00eda Ospina y Luis Miguel Nieto de la Direcci\u00f3n de los Derechos Humanos del Ministerio del Interior; representantes de la Personer\u00eda, Contralor\u00eda, Secretar\u00eda de Gobierno y Convivencia Ciudadana y Educaci\u00f3n, Migraci\u00f3n Colombia, Polic\u00eda de Derechos Humanos, Asociaci\u00f3n de Mujeres, presidentes de juntas comunales, inspectores y comisarios.<\/p>\n<p><b>\u00a0<\/b> <\/p>\n","protected":false},"excerpt":{"rendered":"<p>C\u00daCUTA.- Las familias v\u00edctimas del conflicto armado tendr\u00e1n la oportunidad de hacerse, este martes, a un apartamento de los 423 disponibles en Los Estoraques. El sorteo se llevar\u00e1 a cabo a las 2:00 de la tarde. En la jornada de selecci\u00f3n de los habitantes del proyecto de vivienda participar\u00e1n La Alcald\u00eda de C\u00facuta, Metrovivienda, Ministerio &hellip;<\/p>\n","protected":false},"author":1,"featured_media":20822,"comment_status":"open","ping_status":"open","sticky":false,"template":"","format":"standard","meta":{"footnotes":""},"categories":[4,5],"tags":[1174,1175,679],"class_list":["post-20821","post","type-post","status-publish","format-standard","has-post-thumbnail","hentry","category-barra","category-justicia-transicional","tag-los-estoraques","tag-programa-de-vivienda","tag-victimas-del-conflicto-en-norte-de-santander"],"_links":{"self":[{"href":"https:\/\/contraluzcucuta.co\/index.php?rest_route=\/wp\/v2\/posts\/20821","targetHints":{"allow":["GET"]}}],"collection":[{"href":"https:\/\/contraluzcucuta.co\/index.php?rest_route=\/wp\/v2\/posts"}],"about":[{"href":"https:\/\/contraluzcucuta.co\/index.php?rest_route=\/wp\/v2\/types\/post"}],"author":[{"embeddable":true,"href":"https:\/\/contraluzcucuta.co\/index.php?rest_route=\/wp\/v2\/users\/1"}],"replies":[{"embeddable":true,"href":"https:\/\/contraluzcucuta.co\/index.php?rest_route=%2Fwp%2Fv2%2Fcomments&post=20821"}],"version-history":[{"count":1,"href":"https:\/\/contraluzcucuta.co\/index.php?rest_route=\/wp\/v2\/posts\/20821\/revisions"}],"predecessor-version":[{"id":20823,"href":"https:\/\/contraluzcucuta.co\/index.php?rest_route=\/wp\/v2\/posts\/20821\/revisions\/20823"}],"wp:featuredmedia":[{"embeddable":true,"href":"https:\/\/contraluzcucuta.co\/index.php?rest_route=\/wp\/v2\/media\/20822"}],"wp:attachment":[{"href":"https:\/\/contraluzcucuta.co\/index.php?rest_route=%2Fwp%2Fv2%2Fmedia&parent=20821"}],"wp:term":[{"taxonomy":"category","embeddable":true,"href":"https:\/\/contraluzcucuta.co\/index.php?rest_route=%2Fwp%2Fv2%2Fcategories&post=20821"},{"taxonomy":"post_tag","embeddable":true,"href":"https:\/\/contraluzcucuta.co\/index.php?rest_route=%2Fwp%2Fv2%2Ftags&post=20821"}],"curies":[{"name":"wp","href":"https:\/\/api.w.org\/{rel}","templated":true}]}}