{"id":20818,"date":"2014-02-24T21:45:18","date_gmt":"2014-02-25T02:45:18","guid":{"rendered":"http:\/\/contraluzcucuta.co\/?p=20818"},"modified":"2014-02-25T22:57:43","modified_gmt":"2014-02-26T03:57:43","slug":"ninos-de-el-portico-cabalgaron-en-irigoyen-y-misir","status":"publish","type":"post","link":"https:\/\/contraluzcucuta.co\/?p=20818","title":{"rendered":"Ni\u00f1os de El P\u00f3rtico cabalgaron en \u2018Irigoyen\u2019 y \u2018Misir\u2019"},"content":{"rendered":"<p><b style=\"line-height: 1.5em;\">C\u00daCUTA.-<\/b><span style=\"line-height: 1.5em;\"> \u2018Irigoyen\u2019 y \u2018Misir\u2019 visitaron el corregimiento El P\u00f3rtico (C\u00facuta) y permitieron que los ni\u00f1os los montaran. El paseo alegr\u00f3 a los peque\u00f1os y los mantuvo atentos a la jornada c\u00edvico social organizada por la Polic\u00eda Metropolitana. Ocurri\u00f3 durante el fin de semana.<\/span><\/p>\n<p>La actividad corresponde a las acciones preventivas encaminadas a mejorar la calidad de vida de los habitantes de la zona rural. Se beneficiaron 250 ni\u00f1os, j\u00f3venes y adultos.<\/p>\n<p>El objetivo es mejorar las condiciones de vida de los residentes en veredas y corregimientos del \u00c1rea Metropolitana. La acci\u00f3n estuvo coordinada con la junta de acci\u00f3n comunal del corregimiento y la Polic\u00eda de Carabineros.<\/p>\n<p>Los vecinos se reunieron en la cancha principal, prepararon el sancocho comunitario y participaron en actos recreativos y sociales. Tambi\u00e9n, se tuvieron en cuenta 70 mascotas.<\/p>\n<p>A la par con los preparativos del almuerzo entre polic\u00edas y habitantes, se adelant\u00f3 la vacunaci\u00f3n de caninos y felinos mayores de cuatro meses. El fin es controlar la rabia animal.<\/p>\n<p>El presidente de la junta comunal, el p\u00e1rroco, los l\u00edderes comunitarios y los colaboradores sociales organizaron partidos de microf\u00fatbol entre ni\u00f1os, adolescentes y adultos residentes de El P\u00f3rtico y San Pedro.<\/p>\n<p>Integrantes del grupo de la tercera edad bailaron y demostraron las dotes art\u00edsticas y musicales. El Grupo de Polic\u00eda Carabineros continuar\u00e1 estas actividades comunitarias con el fin de vincularse con los campesinos en cumplimiento del compromiso de acompa\u00f1ar y vigilar las condiciones de seguridad y convivencia en esos sectores lugares.<\/p>\n<p>&nbsp;<\/p>\n<p>&nbsp;<\/p>\n<p>&nbsp;<\/p>\n<p>&nbsp; <\/p>\n","protected":false},"excerpt":{"rendered":"<p>C\u00daCUTA.- \u2018Irigoyen\u2019 y \u2018Misir\u2019 visitaron el corregimiento El P\u00f3rtico (C\u00facuta) y permitieron que los ni\u00f1os los montaran. El paseo alegr\u00f3 a los peque\u00f1os y los mantuvo atentos a la jornada c\u00edvico social organizada por la Polic\u00eda Metropolitana. Ocurri\u00f3 durante el fin de semana. La actividad corresponde a las acciones preventivas encaminadas a mejorar la calidad &hellip;<\/p>\n","protected":false},"author":1,"featured_media":20819,"comment_status":"open","ping_status":"open","sticky":false,"template":"","format":"standard","meta":{"footnotes":""},"categories":[10,36],"tags":[1173,689],"class_list":["post-20818","post","type-post","status-publish","format-standard","has-post-thumbnail","hentry","category-cronicas","category-la-voz-del-pueblo","tag-el-portico","tag-policia-de-carabineros"],"_links":{"self":[{"href":"https:\/\/contraluzcucuta.co\/index.php?rest_route=\/wp\/v2\/posts\/20818","targetHints":{"allow":["GET"]}}],"collection":[{"href":"https:\/\/contraluzcucuta.co\/index.php?rest_route=\/wp\/v2\/posts"}],"about":[{"href":"https:\/\/contraluzcucuta.co\/index.php?rest_route=\/wp\/v2\/types\/post"}],"author":[{"embeddable":true,"href":"https:\/\/contraluzcucuta.co\/index.php?rest_route=\/wp\/v2\/users\/1"}],"replies":[{"embeddable":true,"href":"https:\/\/contraluzcucuta.co\/index.php?rest_route=%2Fwp%2Fv2%2Fcomments&post=20818"}],"version-history":[{"count":1,"href":"https:\/\/contraluzcucuta.co\/index.php?rest_route=\/wp\/v2\/posts\/20818\/revisions"}],"predecessor-version":[{"id":20820,"href":"https:\/\/contraluzcucuta.co\/index.php?rest_route=\/wp\/v2\/posts\/20818\/revisions\/20820"}],"wp:featuredmedia":[{"embeddable":true,"href":"https:\/\/contraluzcucuta.co\/index.php?rest_route=\/wp\/v2\/media\/20819"}],"wp:attachment":[{"href":"https:\/\/contraluzcucuta.co\/index.php?rest_route=%2Fwp%2Fv2%2Fmedia&parent=20818"}],"wp:term":[{"taxonomy":"category","embeddable":true,"href":"https:\/\/contraluzcucuta.co\/index.php?rest_route=%2Fwp%2Fv2%2Fcategories&post=20818"},{"taxonomy":"post_tag","embeddable":true,"href":"https:\/\/contraluzcucuta.co\/index.php?rest_route=%2Fwp%2Fv2%2Ftags&post=20818"}],"curies":[{"name":"wp","href":"https:\/\/api.w.org\/{rel}","templated":true}]}}