{"id":20797,"date":"2014-02-23T20:43:59","date_gmt":"2014-02-24T01:43:59","guid":{"rendered":"http:\/\/contraluzcucuta.co\/?p=20797"},"modified":"2014-02-23T20:43:59","modified_gmt":"2014-02-24T01:43:59","slug":"ifinorte-entrego-recursos-a-microempresarios-de-villa-del-rosario","status":"publish","type":"post","link":"https:\/\/contraluzcucuta.co\/?p=20797","title":{"rendered":"Ifinorte entreg\u00f3 recursos a microempresarios de Villa del Rosario"},"content":{"rendered":"<p><b style=\"line-height: 1.5em;\">\u00a0VILLA DEL ROSARIO<\/b><span style=\"line-height: 1.5em;\"> \u2013 Norte de Santander.- Veinticuatro microempresarios de Villa del Rosario recibieron de Ifinorte $ 24 millones para desarrollar proyectos que ayuden a fortalecer la econom\u00eda y a generar empleo en el municipio.<\/span><\/p>\n<p>El gerente del Instituto Financiero para el Desarrollo de Norte de Santander, C\u00e9sar Omar Rojas Ayala, entreg\u00f3 el dinero en desarrollo del convenio con el fondo Prodenor, y por medio del operador Cotrasfenor SAS.<\/p>\n<p>La inversi\u00f3n servir\u00e1 para el fortalecimiento de tiendas, zapater\u00eda, variedades, salones de belleza, confecciones, manicuristas, ventas de productos por cat\u00e1logo, librer\u00edas y ventas de ropa.<\/p>\n<p>Rojas Ayala asegur\u00f3 que contin\u00faa el respaldo financiero a aquellos que necesiten una oportunidad para montar su negocio siempre y cuando cumplan con los requisitos exigidos por la entidad. <\/p>\n","protected":false},"excerpt":{"rendered":"<p>\u00a0VILLA DEL ROSARIO \u2013 Norte de Santander.- Veinticuatro microempresarios de Villa del Rosario recibieron de Ifinorte $ 24 millones para desarrollar proyectos que ayuden a fortalecer la econom\u00eda y a generar empleo en el municipio. El gerente del Instituto Financiero para el Desarrollo de Norte de Santander, C\u00e9sar Omar Rojas Ayala, entreg\u00f3 el dinero en &hellip;<\/p>\n","protected":false},"author":1,"featured_media":20798,"comment_status":"open","ping_status":"open","sticky":false,"template":"","format":"standard","meta":{"footnotes":""},"categories":[32],"tags":[571,619],"class_list":["post-20797","post","type-post","status-publish","format-standard","has-post-thumbnail","hentry","category-recorrido-por-la-region","tag-ifinorte","tag-norte-de-santander"],"_links":{"self":[{"href":"https:\/\/contraluzcucuta.co\/index.php?rest_route=\/wp\/v2\/posts\/20797","targetHints":{"allow":["GET"]}}],"collection":[{"href":"https:\/\/contraluzcucuta.co\/index.php?rest_route=\/wp\/v2\/posts"}],"about":[{"href":"https:\/\/contraluzcucuta.co\/index.php?rest_route=\/wp\/v2\/types\/post"}],"author":[{"embeddable":true,"href":"https:\/\/contraluzcucuta.co\/index.php?rest_route=\/wp\/v2\/users\/1"}],"replies":[{"embeddable":true,"href":"https:\/\/contraluzcucuta.co\/index.php?rest_route=%2Fwp%2Fv2%2Fcomments&post=20797"}],"version-history":[{"count":1,"href":"https:\/\/contraluzcucuta.co\/index.php?rest_route=\/wp\/v2\/posts\/20797\/revisions"}],"predecessor-version":[{"id":20799,"href":"https:\/\/contraluzcucuta.co\/index.php?rest_route=\/wp\/v2\/posts\/20797\/revisions\/20799"}],"wp:featuredmedia":[{"embeddable":true,"href":"https:\/\/contraluzcucuta.co\/index.php?rest_route=\/wp\/v2\/media\/20798"}],"wp:attachment":[{"href":"https:\/\/contraluzcucuta.co\/index.php?rest_route=%2Fwp%2Fv2%2Fmedia&parent=20797"}],"wp:term":[{"taxonomy":"category","embeddable":true,"href":"https:\/\/contraluzcucuta.co\/index.php?rest_route=%2Fwp%2Fv2%2Fcategories&post=20797"},{"taxonomy":"post_tag","embeddable":true,"href":"https:\/\/contraluzcucuta.co\/index.php?rest_route=%2Fwp%2Fv2%2Ftags&post=20797"}],"curies":[{"name":"wp","href":"https:\/\/api.w.org\/{rel}","templated":true}]}}