{"id":20794,"date":"2014-02-23T20:30:18","date_gmt":"2014-02-24T01:30:18","guid":{"rendered":"http:\/\/contraluzcucuta.co\/?p=20794"},"modified":"2014-02-23T20:30:18","modified_gmt":"2014-02-24T01:30:18","slug":"exposicion-hombres-y-mujeres-de-norte-de-santander","status":"publish","type":"post","link":"https:\/\/contraluzcucuta.co\/?p=20794","title":{"rendered":"Exposici\u00f3n \u2018Hombres y Mujeres de Norte de Santander\u2019"},"content":{"rendered":"<p><b style=\"line-height: 1.5em;\">C\u00daCUTA.-<\/b><span style=\"line-height: 1.5em;\"> El artista Reinaldo C\u00e1ceres pint\u00f3 a 60 \u2018Hombres y mujeres de Norte de Santander\u2019 y expondr\u00e1 la obra en la biblioteca p\u00fablica Julio P\u00e9rez Ferrero, el 28 de febrero, a las 7:00 de la noche, con ocasi\u00f3n de los 201 a\u00f1os de la \u2018Batalla de C\u00facuta\u2019.<\/span><\/p>\n<p>C\u00e1ceres se apoy\u00f3 en las experiencias y conocimientos de los artistas asociados. Hace \u00e9nfasis en el estudio del color para fomentar la difusi\u00f3n y circulaci\u00f3n de las artes pl\u00e1sticas y visuales en la regi\u00f3n.<\/p>\n<p>Las 60 obras est\u00e1n elaboradas en \u00f3leo sobre lienzo y permanecer\u00e1n expuestas al p\u00fablico por 30 d\u00edas. El artistas tom\u00f3 como referencia los retratos de personalidades representativas del departamento.<\/p>\n<p>Entre los cuadros aparecen los expresidentes Francisco de Paula Santander, Virgilio Barco Vargas y Ram\u00f3n Gonz\u00e1lez Valencia, el padre Rafael Garc\u00eda Herreros, el artista Salvador Moreno, la deportista Fabiola Zuluaga, poetas, artistas y pol\u00edticos.<\/p>\n<p>El\u00a0 autor busca con la muestra mantener en la memoria de los nortesantandereanos a los personajes que han aportado a la regi\u00f3n y que son parte de la identidad.<\/p>\n<p>La Secretar\u00eda Departamental de Cultura, la biblioteca Julio P\u00e9rez Ferrero y el Grupo Salvador Moreno invitan a la comunidad nortesantanderana a la exposici\u00f3n \u2018Hombres y Mujeres de Norte de Santander\u2019.<\/p>\n<p>&nbsp;<\/p>\n<p>&nbsp;<\/p>\n<p>&nbsp;<\/p>\n<p>&nbsp;<\/p>\n<p>&nbsp;<\/p>\n<p>&nbsp;<\/p>\n<p>&nbsp;<\/p>\n<p>&nbsp;<\/p>\n<p>&nbsp;<\/p>\n<p>&nbsp; <\/p>\n","protected":false},"excerpt":{"rendered":"<p>C\u00daCUTA.- El artista Reinaldo C\u00e1ceres pint\u00f3 a 60 \u2018Hombres y mujeres de Norte de Santander\u2019 y expondr\u00e1 la obra en la biblioteca p\u00fablica Julio P\u00e9rez Ferrero, el 28 de febrero, a las 7:00 de la noche, con ocasi\u00f3n de los 201 a\u00f1os de la \u2018Batalla de C\u00facuta\u2019. C\u00e1ceres se apoy\u00f3 en las experiencias y conocimientos &hellip;<\/p>\n","protected":false},"author":1,"featured_media":20795,"comment_status":"open","ping_status":"open","sticky":false,"template":"","format":"standard","meta":{"footnotes":""},"categories":[6,37],"tags":[1168,1167],"class_list":["post-20794","post","type-post","status-publish","format-standard","has-post-thumbnail","hentry","category-ojo-avizor","category-paseo-cultural","tag-biblioteca-publica-julio-perez-ferrero","tag-padre-rafael-garcia-herreros"],"_links":{"self":[{"href":"https:\/\/contraluzcucuta.co\/index.php?rest_route=\/wp\/v2\/posts\/20794","targetHints":{"allow":["GET"]}}],"collection":[{"href":"https:\/\/contraluzcucuta.co\/index.php?rest_route=\/wp\/v2\/posts"}],"about":[{"href":"https:\/\/contraluzcucuta.co\/index.php?rest_route=\/wp\/v2\/types\/post"}],"author":[{"embeddable":true,"href":"https:\/\/contraluzcucuta.co\/index.php?rest_route=\/wp\/v2\/users\/1"}],"replies":[{"embeddable":true,"href":"https:\/\/contraluzcucuta.co\/index.php?rest_route=%2Fwp%2Fv2%2Fcomments&post=20794"}],"version-history":[{"count":1,"href":"https:\/\/contraluzcucuta.co\/index.php?rest_route=\/wp\/v2\/posts\/20794\/revisions"}],"predecessor-version":[{"id":20796,"href":"https:\/\/contraluzcucuta.co\/index.php?rest_route=\/wp\/v2\/posts\/20794\/revisions\/20796"}],"wp:featuredmedia":[{"embeddable":true,"href":"https:\/\/contraluzcucuta.co\/index.php?rest_route=\/wp\/v2\/media\/20795"}],"wp:attachment":[{"href":"https:\/\/contraluzcucuta.co\/index.php?rest_route=%2Fwp%2Fv2%2Fmedia&parent=20794"}],"wp:term":[{"taxonomy":"category","embeddable":true,"href":"https:\/\/contraluzcucuta.co\/index.php?rest_route=%2Fwp%2Fv2%2Fcategories&post=20794"},{"taxonomy":"post_tag","embeddable":true,"href":"https:\/\/contraluzcucuta.co\/index.php?rest_route=%2Fwp%2Fv2%2Ftags&post=20794"}],"curies":[{"name":"wp","href":"https:\/\/api.w.org\/{rel}","templated":true}]}}