{"id":20785,"date":"2014-02-22T11:54:15","date_gmt":"2014-02-22T16:54:15","guid":{"rendered":"http:\/\/contraluzcucuta.co\/?p=20785"},"modified":"2014-02-22T11:54:15","modified_gmt":"2014-02-22T16:54:15","slug":"alvaro-sarmiento-llevo-el-pelo-largo-y-barba-pero-no-soy-rata","status":"publish","type":"post","link":"https:\/\/contraluzcucuta.co\/?p=20785","title":{"rendered":"\u00c1lvaro Sarmiento. \u201cLlevo el pelo largo y barba, pero no soy rata\u201d."},"content":{"rendered":"<p><b style=\"line-height: 1.5em;\">C\u00daCUTA.-<\/b><span style=\"line-height: 1.5em;\"> \u00c1lvaro Sarmiento Duarte est\u00e1 reposado. Por el peinado pareciera reci\u00e9n levantado. Por la ropa da la impresi\u00f3n que hace un buen tiempo no duerme. Y por la barba aparenta m\u00e1s a\u00f1os de los que tiene. Esta vida que lleva no le preocupa y es su manera de ser feliz. En esta ocasi\u00f3n no tiene los elementos que lo identifican y por los que se lo reconoce.<\/span><\/p>\n<p>Es acelerado al hablar. Suelta las palabras sin medirlas. No detiene la mente para pensar si es groser\u00eda o no, simplemente la deja salir. Es libre para actuar y so\u00f1ar, para elegir y ser elegido, para salir a la calle descamisado, descalzo, en pantal\u00f3n corto y montado en una bicicleta.<\/p>\n<p>El remoquete que luce le cae a la perfecci\u00f3n. La gente lo saluda y lo conoce como \u2018El loco \u00c1lvaro\u2019. Disfruta con este apodo y cada d\u00eda amanece m\u00e1s demente para darles gusto a los que lo admiran y criarles mala sangre a los que lo detestan.<\/p>\n<p>Visto de cerca es un hombre corriente, con una especial forma de expresarse. Por estos d\u00edas es noticia en C\u00facuta, porque, al igual que muchos colombianos, tiene la aspiraci\u00f3n de llegar al Senado de la Rep\u00fablica. Recibi\u00f3 aval del Polo Democr\u00e1tico y en el tarjet\u00f3n est\u00e1 en la casilla 43.<\/p>\n<p>Es la segunda oportunidad que busca la curul en el Congreso. De los comicios del 2010 tiene una mala recordaci\u00f3n. \u201cConsidero que me hicieron la pateperro\u201d y por eso perdi\u00f3 la opci\u00f3n de formar parte del selecto grupo encargado de legislar para los millones y millones de paisanos.<\/p>\n<p>Cuatro a\u00f1os atr\u00e1s obtuvo 547 votos, y \u201cme iba desilusionando\u201d, los que les faltaron a algunos para cumplir con el sue\u00f1o dorado de ocupar un asiento en el Parlamento. \u201cPuse a temblar a m\u00e1s de uno que ten\u00eda plata y equipo\u201d. No dio nombres, se los reserv\u00f3 por aquello de no pisarse la manguera entre pol\u00edticos.<\/p>\n<p>\u00c1lvaro basa la campa\u00f1a en la imagen que proyecta como inconforme, loco y d\u00edscolo. No tiene afiches, sino fotos en diferentes poses y con distintos mensajes; no instal\u00f3 pasacalles, regal\u00f3 el almanaque del a\u00f1o; no compr\u00f3 vallas, pint\u00f3 paredes, muros y pisos con el nombre y el n\u00famero electoral; no hace perifoneo, solo por donde va hace sonar el costal lleno de latas de gaseosa y cerveza;\u00a0 no tiene cu\u00f1as en la radio, tampoco quiere a ciertos periodistas a los que trata con desprecio. As\u00ed se anuncia y as\u00ed quiere ganar votos para el 9 de marzo subir al Senado.<\/p>\n<p>\u201cLa gente lo mira como una mamadera de gallo, pero es una mamadera de gallo en serio\u201d. El deseo es acaparar los votos de los mayores de 18 a\u00f1os cansados de o\u00edr las mismas promesas salidas de id\u00e9nticos candidatos. Al hacer las cuentas del trabajo cumplido por los congresistas en los \u00faltimos cuatro a\u00f1os, el resultado le da negativo. En la lista de proyectos aprobados en el Congreso no aparece uno que favorezca a Norte de Santander.<\/p>\n<p>Como hombre metido en el mundo de la pol\u00edtica ha aprendido parte del discurso de los adversarios y la aplica al referirse a lo que podr\u00eda hacer por el departamento en caso de llegar al Senado. La autodefinici\u00f3n es que \u201ces un loco cuerdo que tiene buenas ideas para Norte de Santander\u201d. Habla de leyes para abrir la frontera, le duele el pueblo, tiene sentido de pertenencia, no dice mentiras, la palabra vale,<\/p>\n<p>El que vota por \u00c1lvaro es porque quiere expresar rebeld\u00eda, rechazo y protesta. El d\u00eda de los comicios, para ponerse a tono con el voto en blanco, se vestir\u00e1 de ese color, se echar\u00e1 pintura blanca de agua y buscar\u00e1 convencer a los cucute\u00f1os para que lo acompa\u00f1en.<\/p>\n<p>\u201cLa campa\u00f1a la hago sin un hijuepuerca peso, a punta de potes\u201d. Escogi\u00f3 el Senado para aprovechar el nombre que tiene ganado en el pa\u00eds. El pr\u00f3ximo paso ser\u00e1 visitar los canales privados de televisi\u00f3n para \u2018robarse\u2019 unos segundos en la programaci\u00f3n y lo reconozcan en los lugares a donde ha ido a asustar a hombres y mujeres desprevenidos.<\/p>\n<p>No maneja un discurso propio. Solo est\u00e1 convencido de que ser\u00eda una piedra en el zapato de los senadores. \u201cLlevo el pelo largo y barba, pero no soy rata\u201d. Tiene el respaldo del Polo, simplemente porque este partido no discrimina. Los potes, el s\u00edmbolo que hace parte de su personalidad, significan el despertar del pueblo. \u201cDespertemos, no seamos tan toches\u201d.<\/p>\n<p>Si no gana la curul en esta oportunidad, lo tiene seguro, volver\u00e1 a presentarse para cualquier cargo por elecci\u00f3n popular, sin descarta la Alcald\u00eda de C\u00facuta y la Gobernaci\u00f3n de Norte de Santander. \u201cSoy un ciudadano colombiano\u201d.<\/p>\n<p><b>RAFAEL ANTONIO PAB\u00d3N<\/b><\/p>\n<p><a href=\"mailto:rafaelpabon58@hotmail.com\"><b>rafaelpabon58@hotmail.com<\/b><\/a><b><\/b><\/p>\n<p><b>Foto: MARCO S\u00daA<\/b><\/p>\n<p>&nbsp;<\/p>\n<p>&nbsp;<\/p>\n<p>&nbsp; <\/p>\n","protected":false},"excerpt":{"rendered":"<p>C\u00daCUTA.- \u00c1lvaro Sarmiento Duarte est\u00e1 reposado. Por el peinado pareciera reci\u00e9n levantado. Por la ropa da la impresi\u00f3n que hace un buen tiempo no duerme. Y por la barba aparenta m\u00e1s a\u00f1os de los que tiene. Esta vida que lleva no le preocupa y es su manera de ser feliz. En esta ocasi\u00f3n no tiene &hellip;<\/p>\n","protected":false},"author":1,"featured_media":20786,"comment_status":"open","ping_status":"open","sticky":false,"template":"","format":"standard","meta":{"footnotes":""},"categories":[4,9],"tags":[1159,1162,1160,1161],"class_list":["post-20785","post","type-post","status-publish","format-standard","has-post-thumbnail","hentry","category-barra","category-politica","tag-alvaro-sarmiento","tag-candidato-al-senado","tag-el-loco-de-los-potes","tag-politica-2"],"_links":{"self":[{"href":"https:\/\/contraluzcucuta.co\/index.php?rest_route=\/wp\/v2\/posts\/20785","targetHints":{"allow":["GET"]}}],"collection":[{"href":"https:\/\/contraluzcucuta.co\/index.php?rest_route=\/wp\/v2\/posts"}],"about":[{"href":"https:\/\/contraluzcucuta.co\/index.php?rest_route=\/wp\/v2\/types\/post"}],"author":[{"embeddable":true,"href":"https:\/\/contraluzcucuta.co\/index.php?rest_route=\/wp\/v2\/users\/1"}],"replies":[{"embeddable":true,"href":"https:\/\/contraluzcucuta.co\/index.php?rest_route=%2Fwp%2Fv2%2Fcomments&post=20785"}],"version-history":[{"count":1,"href":"https:\/\/contraluzcucuta.co\/index.php?rest_route=\/wp\/v2\/posts\/20785\/revisions"}],"predecessor-version":[{"id":20787,"href":"https:\/\/contraluzcucuta.co\/index.php?rest_route=\/wp\/v2\/posts\/20785\/revisions\/20787"}],"wp:featuredmedia":[{"embeddable":true,"href":"https:\/\/contraluzcucuta.co\/index.php?rest_route=\/wp\/v2\/media\/20786"}],"wp:attachment":[{"href":"https:\/\/contraluzcucuta.co\/index.php?rest_route=%2Fwp%2Fv2%2Fmedia&parent=20785"}],"wp:term":[{"taxonomy":"category","embeddable":true,"href":"https:\/\/contraluzcucuta.co\/index.php?rest_route=%2Fwp%2Fv2%2Fcategories&post=20785"},{"taxonomy":"post_tag","embeddable":true,"href":"https:\/\/contraluzcucuta.co\/index.php?rest_route=%2Fwp%2Fv2%2Ftags&post=20785"}],"curies":[{"name":"wp","href":"https:\/\/api.w.org\/{rel}","templated":true}]}}