{"id":20782,"date":"2014-02-22T11:47:38","date_gmt":"2014-02-22T16:47:38","guid":{"rendered":"http:\/\/contraluzcucuta.co\/?p=20782"},"modified":"2014-02-22T11:47:38","modified_gmt":"2014-02-22T16:47:38","slug":"monsenor-julio-cesar-vidal-no-nos-interesa-enriquecernos","status":"publish","type":"post","link":"https:\/\/contraluzcucuta.co\/?p=20782","title":{"rendered":"Monse\u00f1or Julio C\u00e9sar Vidal: \u201cNo nos interesa enriquecernos\u201d"},"content":{"rendered":"<p><b style=\"line-height: 1.5em;\">C\u00daCUTA.-<\/b><span style=\"line-height: 1.5em;\"> \u201cA no nosotros no nos interesa enriquecernos\u201d, dijo monse\u00f1or Julio C\u00e9sar Vidal Ortiz al referirse al Programa de Alimentaci\u00f3n Escolar (PAE) que manej\u00f3 la Corporaci\u00f3n de Servicio Pastoral Social (Cospas), en C\u00facuta, durante el 2013.<\/span><\/p>\n<p>Cospas qued\u00f3 con la responsabilidad del PAE en 39 municipios de Norte de Santander, en los que se atienden 85.000 ni\u00f1os. \u201cNo tenemos esto como negocio, no estoy diciendo que otros lo tengan, lo tenemos como una misi\u00f3n inherente a la evangelizaci\u00f3n\u201d, dijo monse\u00f1or Vidal.<\/p>\n<p>A la vez que por medio de la Corporaci\u00f3n se busca alimentar el cuerpo se alimenta el esp\u00edritu de los ni\u00f1os. \u201cLes damos un mensaje para que se formen de manera integral\u201d, dijo el prelado.<\/p>\n<p>Monse\u00f1or Julio C\u00e9sar Vidal entreg\u00f3 un comunicado de seis puntos en los que consigna la posici\u00f3n de Cospas en torno a la alimentaci\u00f3n de los ni\u00f1os en la capital del departamento. El texto es el siguiente:<\/p>\n<p>1.- Como nos se\u00f1ala el Santo Padre Francisco1: \u201cExiste tambi\u00e9n una tensi\u00f3n bipolar entre la idea y la realidad. La realidad simplemente es, la idea se elabora. Entre las dos se debe instaurar un di\u00e1logo constante, evitando que la idea termine separ\u00e1ndose de la realidad. Es peligroso vivir en el reino de la sola palabra, de la imagen, del sofisma. De ah\u00ed que haya que postular un tercer principio: la realidad es superior a la idea. Esto supone evitar diversas formas de ocultar la realidad: los purismos ang\u00e9licos, los totalitarismos de lo relativo, los nominalismos declaracionistas, los proyectos m\u00e1s formales que reales, los fundamentalismos ahist\u00f3ricos, los eticismos sin bondad, los intelectualismos sin sabidur\u00eda\u201d. (E.G. n.231).<\/p>\n<p>2.- La Corporaci\u00f3n para el a\u00f1o 2013 fue calificada por el ICBF con el 100 % como entidad contratista y que adem\u00e1s, obtuvo el 98 % en la percepci\u00f3n de la calidad del servicio de alimentaci\u00f3n escolar, seg\u00fan 2783 encuestas aplicadas a ni\u00f1os, ni\u00f1as y adolescentes en dicha vigencia. Esta realidad es reflejo de los aprendizajes extra\u00eddos de 12 a\u00f1os de conocimiento y experiencia del PAE en C\u00facuta y recientemente en el Departamento Norte de Santander.<\/p>\n<p>3.- Adicional al cumplimiento de las condiciones contractuales y el lineamiento t\u00e9cnico del ICBF y del Ministerio de Educaci\u00f3n Nacional (MEN), la Corporaci\u00f3n ha gestionado el mejoramiento de infraestructura y la construcci\u00f3n de restaurantes en zonas vulnerables de C\u00facuta ante entidades p\u00fablicas, privadas y no gubernamentales de origen nacional e internacional. Igualmente, por iniciativa propia, adquiri\u00f3 con sus recursos refrigeradores, mesas, sillas, licuadoras, platos y dem\u00e1s implementos, utensilios y equipos necesarios para la prestaci\u00f3n optima y digna del servicio de alimentaci\u00f3n escolar, a pesar de lo contemplado en el literal d) del art\u00edculo 18 de la Ley 1176 de 2007.<\/p>\n<p>4.- Debido a la solicitud del Ministerio de Educaci\u00f3n Nacional relacionada con la operaci\u00f3n del PAE en los otros 39 municipios del Departamento Norte de Santander, la Corporaci\u00f3n retir\u00f3 sus equipos y enseres de unidades de servicio de la ciudad de C\u00facuta, con el fin de someterlos a las rutinas de mantenimiento necesarias para garantizar su \u00f3ptimo funcionamiento, invirtiendo $ 22.000.000 de sus recursos. Atendiendo nuestra opci\u00f3n de servicio preferencial por la poblaci\u00f3n necesitada, y en la medida de sus posibilidades, la corporaci\u00f3n est\u00e1 dispuesta a dialogar con l\u00edderes y comunidades en la perspectiva de construir acuerdos para el uso de bienes muebles que contribuyan a una prestaci\u00f3n del servicio de alimentaci\u00f3n escolar con calidad y dignidad.<\/p>\n<p>5. Hay que diferenciar la prestaci\u00f3n del servicio con los recursos directos del MEN para el PAE por un lado, y con recursos provenientes de las administraciones municipales por otro. Como es apenas l\u00f3gico, para estos \u00faltimos, la prestaci\u00f3n del servicio adicional o complementario a los recursos del MEN, s\u00f3lo se puede realizar cuando existe un convenio o contrato legalizado con las alcald\u00edas o con la gobernaci\u00f3n para ampliaci\u00f3n de cupos o mejoramiento de raci\u00f3n, entre otros.<\/p>\n<p>6. Estamos dispuestos a aclarar cualquier inquietud que se realice formalmente en cuanto a nuestra actuaci\u00f3n como operador del PAE este a\u00f1o en los 39 municipios de nuestra responsabilidad en el departamento Norte de Santander.<\/p>\n<p><b>* 1 De la enc\u00edclica Evangelli Gaudio. Negrilla y subrayado fuera de texto.<\/b> <\/p>\n","protected":false},"excerpt":{"rendered":"<p>C\u00daCUTA.- \u201cA no nosotros no nos interesa enriquecernos\u201d, dijo monse\u00f1or Julio C\u00e9sar Vidal Ortiz al referirse al Programa de Alimentaci\u00f3n Escolar (PAE) que manej\u00f3 la Corporaci\u00f3n de Servicio Pastoral Social (Cospas), en C\u00facuta, durante el 2013. Cospas qued\u00f3 con la responsabilidad del PAE en 39 municipios de Norte de Santander, en los que se atienden &hellip;<\/p>\n","protected":false},"author":1,"featured_media":20783,"comment_status":"open","ping_status":"open","sticky":false,"template":"","format":"standard","meta":{"footnotes":""},"categories":[541,4],"tags":[8,1151,173],"class_list":["post-20782","post","type-post","status-publish","format-standard","has-post-thumbnail","hentry","category-ciudad","category-barra","tag-diocesis-de-cucuta","tag-monsenor-julio-cesar-vidal-ortiz","tag-obispo-de-cucuta"],"_links":{"self":[{"href":"https:\/\/contraluzcucuta.co\/index.php?rest_route=\/wp\/v2\/posts\/20782","targetHints":{"allow":["GET"]}}],"collection":[{"href":"https:\/\/contraluzcucuta.co\/index.php?rest_route=\/wp\/v2\/posts"}],"about":[{"href":"https:\/\/contraluzcucuta.co\/index.php?rest_route=\/wp\/v2\/types\/post"}],"author":[{"embeddable":true,"href":"https:\/\/contraluzcucuta.co\/index.php?rest_route=\/wp\/v2\/users\/1"}],"replies":[{"embeddable":true,"href":"https:\/\/contraluzcucuta.co\/index.php?rest_route=%2Fwp%2Fv2%2Fcomments&post=20782"}],"version-history":[{"count":1,"href":"https:\/\/contraluzcucuta.co\/index.php?rest_route=\/wp\/v2\/posts\/20782\/revisions"}],"predecessor-version":[{"id":20784,"href":"https:\/\/contraluzcucuta.co\/index.php?rest_route=\/wp\/v2\/posts\/20782\/revisions\/20784"}],"wp:featuredmedia":[{"embeddable":true,"href":"https:\/\/contraluzcucuta.co\/index.php?rest_route=\/wp\/v2\/media\/20783"}],"wp:attachment":[{"href":"https:\/\/contraluzcucuta.co\/index.php?rest_route=%2Fwp%2Fv2%2Fmedia&parent=20782"}],"wp:term":[{"taxonomy":"category","embeddable":true,"href":"https:\/\/contraluzcucuta.co\/index.php?rest_route=%2Fwp%2Fv2%2Fcategories&post=20782"},{"taxonomy":"post_tag","embeddable":true,"href":"https:\/\/contraluzcucuta.co\/index.php?rest_route=%2Fwp%2Fv2%2Ftags&post=20782"}],"curies":[{"name":"wp","href":"https:\/\/api.w.org\/{rel}","templated":true}]}}