{"id":20776,"date":"2014-02-22T11:32:19","date_gmt":"2014-02-22T16:32:19","guid":{"rendered":"http:\/\/contraluzcucuta.co\/?p=20776"},"modified":"2014-02-22T11:32:19","modified_gmt":"2014-02-22T16:32:19","slug":"vision-de-perspectivas-desde-la-frontera","status":"publish","type":"post","link":"https:\/\/contraluzcucuta.co\/?p=20776","title":{"rendered":"Visi\u00f3n de perspectivas desde  la frontera"},"content":{"rendered":"<p><span style=\"line-height: 1.5em;\">1.-En las horas y momentos de tensi\u00f3n o cuando es exigente \u2013por las circunstancias y las condiciones existentes &#8211; obrar con prudencia, lo apenas elemental\u00a0 y constructivo es permanecer serenos y atentos y no dar pie a un mayor agravamiento de los hechos, pero sin decaer o desistir en la defensa\u00a0 y proyecci\u00f3n de los principios tutelares que orientan y determinan nuestra vida, tanto en lo individual como en la esencia responsable\u00a0 y asociativa de lo colectivo, porque lo general jam\u00e1s debe relegarse. Y, adem\u00e1s, porque cuando surgen la dificultad o los problemas es cuando debemos insistir, tal como lo apuntalaba &#8211; con acierto y con visi\u00f3n de perspectivas, Rudyard Kipling &#8211; al aludir a esos instantes \u201ccuando marchen las cosas, como a veces suelen ir\u201d.<\/span><\/p>\n<p>2.-S\u00ed, lo que experimentamos en la frontera \u2013m\u00e1s activa y poblada del continente &#8211; ante los factores que han surgido en el proceso institucional de Venezuela y por las incidencias de concomitancias y situaciones que repercuten en el <i>modus vivendi<\/i> de estas \u00e1reas con caracter\u00edsticas <i>sui generis<\/i> y que requieren de una sol\u00edcita asistencia y atenci\u00f3n de los gobiernos centrales, obliga a serias y responsables consideraciones y evaluaciones, porque estas fajas territoriales son los nudos articulares del proceso de integraci\u00f3n, que desde 1821 se inici\u00f3 en procura de una mayor proyecci\u00f3n\u00a0 y vitalidad asociada y fraternal, de los pa\u00edses bolivarianos y en especial de Colombia y Venezuela.<\/p>\n<p>Creer o llegar a considerar que esa uni\u00f3n y concurrencia de procesos constructivos no es posible, constituir\u00eda no solo un atentado contra la tranquilidad y la paz, sino el descalabro institucional m\u00e1s equivocado, de la historia, porque ser\u00eda retroceder en el tiempo y socavar lo que por la libertad y el desarrollo de esta parte del mundo se ha logrado. Por eso, y porque la paulatina confluencia de acciones convergentes y productivas nos conduce hacia empe\u00f1os mayores y significativos en alcances y proyecciones, la frontera est\u00e1 llamada para servir de\u00a0 enlace y tea encendida &#8211; y con luz y vitalidad permanentes &#8211; para que en los altos niveles, como en las marginales y peque\u00f1as localidades, se mantengan la identidad y el sentido de pertenencia que hemos construido como el af\u00e1n y el empe\u00f1o de producir cambios y trasformaciones, pero conjugando planes, programas y proyectos que sirvan para irrumpir en la competitividad de la presencia y participaci\u00f3n internacional.<\/p>\n<p>3.- Poner en duda\u00a0 las opciones y las posibilidades en procura de un beneficio amplio o dar ocasi\u00f3n a un mayor suspenso en las decisiones de fondo, que son indispensables y que se requieren cada d\u00eda con urgencia, constituir\u00eda un retroceso imperdonable. Por eso, lo que cabe ahora y sin excusas es la maduraci\u00f3n\u00a0 en actitudes y conductas que propendan por el\u00a0 avance y el desarrollo colectivo y estableciendo pol\u00edticas de Estado, ejemplarizantes y propiciadoras, mediante acuerdos sobre incentivos, est\u00edmulos, mecanismos y reglamentaciones compartidas, que permitan un mejor y m\u00e1s evolutivo vivir.<\/p>\n<p>Desde la frontera vale la invitaci\u00f3n a\u00a0 la\u00a0 uni\u00f3n, al trabajo concertado y a la labor binacional\u00a0 progresista y en equipo, para generar investigaci\u00f3n, capacitaci\u00f3n y empleo.<\/p>\n<p><b>JOS\u00c9 NEIRA REY<\/b><\/p>\n<p><b><a href=\"mailto:jneirarey@hotmail.com\">jneirarey@hotmail.com<\/a><\/b> <\/p>\n","protected":false},"excerpt":{"rendered":"<p>1.-En las horas y momentos de tensi\u00f3n o cuando es exigente \u2013por las circunstancias y las condiciones existentes &#8211; obrar con prudencia, lo apenas elemental\u00a0 y constructivo es permanecer serenos y atentos y no dar pie a un mayor agravamiento de los hechos, pero sin decaer o desistir en la defensa\u00a0 y proyecci\u00f3n de los &hellip;<\/p>\n","protected":false},"author":1,"featured_media":20777,"comment_status":"open","ping_status":"open","sticky":false,"template":"","format":"standard","meta":{"footnotes":""},"categories":[14,4],"tags":[578,303],"class_list":["post-20776","post","type-post","status-publish","format-standard","has-post-thumbnail","hentry","category-articulistas","category-barra","tag-frontera-colombo-venezolana","tag-jose-neira-rey"],"_links":{"self":[{"href":"https:\/\/contraluzcucuta.co\/index.php?rest_route=\/wp\/v2\/posts\/20776","targetHints":{"allow":["GET"]}}],"collection":[{"href":"https:\/\/contraluzcucuta.co\/index.php?rest_route=\/wp\/v2\/posts"}],"about":[{"href":"https:\/\/contraluzcucuta.co\/index.php?rest_route=\/wp\/v2\/types\/post"}],"author":[{"embeddable":true,"href":"https:\/\/contraluzcucuta.co\/index.php?rest_route=\/wp\/v2\/users\/1"}],"replies":[{"embeddable":true,"href":"https:\/\/contraluzcucuta.co\/index.php?rest_route=%2Fwp%2Fv2%2Fcomments&post=20776"}],"version-history":[{"count":1,"href":"https:\/\/contraluzcucuta.co\/index.php?rest_route=\/wp\/v2\/posts\/20776\/revisions"}],"predecessor-version":[{"id":20778,"href":"https:\/\/contraluzcucuta.co\/index.php?rest_route=\/wp\/v2\/posts\/20776\/revisions\/20778"}],"wp:featuredmedia":[{"embeddable":true,"href":"https:\/\/contraluzcucuta.co\/index.php?rest_route=\/wp\/v2\/media\/20777"}],"wp:attachment":[{"href":"https:\/\/contraluzcucuta.co\/index.php?rest_route=%2Fwp%2Fv2%2Fmedia&parent=20776"}],"wp:term":[{"taxonomy":"category","embeddable":true,"href":"https:\/\/contraluzcucuta.co\/index.php?rest_route=%2Fwp%2Fv2%2Fcategories&post=20776"},{"taxonomy":"post_tag","embeddable":true,"href":"https:\/\/contraluzcucuta.co\/index.php?rest_route=%2Fwp%2Fv2%2Ftags&post=20776"}],"curies":[{"name":"wp","href":"https:\/\/api.w.org\/{rel}","templated":true}]}}