{"id":20773,"date":"2014-02-20T23:39:55","date_gmt":"2014-02-21T04:39:55","guid":{"rendered":"http:\/\/contraluzcucuta.co\/?p=20773"},"modified":"2014-02-22T12:24:36","modified_gmt":"2014-02-22T17:24:36","slug":"miraflores-nuevo-casco-urbano-de-gramalote","status":"publish","type":"post","link":"https:\/\/contraluzcucuta.co\/?p=20773","title":{"rendered":"Miraflores. Nuevo casco urbano de Gramalote"},"content":{"rendered":"<p><b style=\"line-height: 1.5em;\">C\u00daCUTA.- <\/b><span style=\"line-height: 1.5em;\">La Asamblea de Norte de Santander acab\u00f3 con el pleito entre los gramaloteros por el lugar donde se reasentar\u00e1n, luego de tres a\u00f1os largos de espera, promesas, discusiones, alegatos y posiciones encontradas. El pueblo fue arrasado, el 17 de diciembre de 2010, por un\u00a0 fen\u00f3meno natural<\/span><\/p>\n<p>El Gobierno, inicialmente, hab\u00eda dado a Pomarroso como posible punto para levantar al nuevo municipio. El paso del tiempo y nuevos estudios dieron a Miraflores la primera opci\u00f3n de construcci\u00f3n. Se ha hablado con el presidente \u00c1lvaro Uribe, se conform\u00f3 el comit\u00e9 que debe trabajar la imagen y la semejanza del derrumbado por la naturaleza.<\/p>\n<p>Semanas atr\u00e1s, el presidente Juan Manuel Santos lleg\u00f3 hasta los predios gramaloteros para pedirles perd\u00f3n a los damnificados por la demora en la entrega de las casas.<\/p>\n<p>A pesar de estar la orden presidencial para el reasentamiento, hay hombres y mujeres que rechazan lo adelantado para empezar los estudios topogr\u00e1ficos y devolverles el techo a los desfavorecidos.<\/p>\n<p>A partir de la fecha, y por autorizaci\u00f3n de la Asamblea, la nueva cabecera \u00a0de Gramalote ser\u00e1 la vereda Miraflores, en donde el Gobierno, por intermedio del Fondo Adaptaci\u00f3n, Gobernaci\u00f3n y Alcald\u00eda han proyectado construir el nuevo casco urbano.<\/p>\n<p>La buena noticia se dio a conocer en la clausura de las sesiones extras, convocadas por el gobernador Edgar D\u00edaz.<\/p>\n<p>&nbsp; <\/p>\n","protected":false},"excerpt":{"rendered":"<p>C\u00daCUTA.- La Asamblea de Norte de Santander acab\u00f3 con el pleito entre los gramaloteros por el lugar donde se reasentar\u00e1n, luego de tres a\u00f1os largos de espera, promesas, discusiones, alegatos y posiciones encontradas. El pueblo fue arrasado, el 17 de diciembre de 2010, por un\u00a0 fen\u00f3meno natural El Gobierno, inicialmente, hab\u00eda dado a Pomarroso como &hellip;<\/p>\n","protected":false},"author":1,"featured_media":20774,"comment_status":"open","ping_status":"open","sticky":false,"template":"","format":"standard","meta":{"footnotes":""},"categories":[556,32],"tags":[13],"class_list":["post-20773","post","type-post","status-publish","format-standard","has-post-thumbnail","hentry","category-departamento","category-recorrido-por-la-region","tag-gramalote"],"_links":{"self":[{"href":"https:\/\/contraluzcucuta.co\/index.php?rest_route=\/wp\/v2\/posts\/20773","targetHints":{"allow":["GET"]}}],"collection":[{"href":"https:\/\/contraluzcucuta.co\/index.php?rest_route=\/wp\/v2\/posts"}],"about":[{"href":"https:\/\/contraluzcucuta.co\/index.php?rest_route=\/wp\/v2\/types\/post"}],"author":[{"embeddable":true,"href":"https:\/\/contraluzcucuta.co\/index.php?rest_route=\/wp\/v2\/users\/1"}],"replies":[{"embeddable":true,"href":"https:\/\/contraluzcucuta.co\/index.php?rest_route=%2Fwp%2Fv2%2Fcomments&post=20773"}],"version-history":[{"count":1,"href":"https:\/\/contraluzcucuta.co\/index.php?rest_route=\/wp\/v2\/posts\/20773\/revisions"}],"predecessor-version":[{"id":20775,"href":"https:\/\/contraluzcucuta.co\/index.php?rest_route=\/wp\/v2\/posts\/20773\/revisions\/20775"}],"wp:featuredmedia":[{"embeddable":true,"href":"https:\/\/contraluzcucuta.co\/index.php?rest_route=\/wp\/v2\/media\/20774"}],"wp:attachment":[{"href":"https:\/\/contraluzcucuta.co\/index.php?rest_route=%2Fwp%2Fv2%2Fmedia&parent=20773"}],"wp:term":[{"taxonomy":"category","embeddable":true,"href":"https:\/\/contraluzcucuta.co\/index.php?rest_route=%2Fwp%2Fv2%2Fcategories&post=20773"},{"taxonomy":"post_tag","embeddable":true,"href":"https:\/\/contraluzcucuta.co\/index.php?rest_route=%2Fwp%2Fv2%2Ftags&post=20773"}],"curies":[{"name":"wp","href":"https:\/\/api.w.org\/{rel}","templated":true}]}}