{"id":20770,"date":"2014-02-20T23:14:54","date_gmt":"2014-02-21T04:14:54","guid":{"rendered":"http:\/\/contraluzcucuta.co\/?p=20770"},"modified":"2014-02-20T23:14:54","modified_gmt":"2014-02-21T04:14:54","slug":"obispo-de-san-cristobal-pide-no-cometer-abusos-contra-manifestantes","status":"publish","type":"post","link":"https:\/\/contraluzcucuta.co\/?p=20770","title":{"rendered":"Obispo de San Crist\u00f3bal pide no cometer abusos contra manifestantes"},"content":{"rendered":"<p>&nbsp;<\/p>\n<p><b>SAN CRIST\u00d3BAL &#8211; Venezuela &#8211; (Prensa Di\u00f3cesis).-<\/b> Garantizar el orden p\u00fablico en los par\u00e1metros de justicia, paz, libertad y de la ley, sin abusos, pidi\u00f3 \u00a0monse\u00f1or Mario Moronta Rodr\u00edguez (obispo de San Crist\u00f3bal \u2013 Venezuela), a \u00a0las autoridades civiles y a las fuerza p\u00fablica del estado T\u00e1chira.<\/p>\n<p>La declaraci\u00f3n del prelado surgi\u00f3 a ra\u00edz de la continuidad de las manifestaciones y las agresiones entre civiles y uniformados. La crisis desatada en el pa\u00eds vecino, en las \u00faltimas semanas, ha cobrado varias vidas de venezolanos.<\/p>\n<p>\u201cEl derecho a la protesta no se discute y ojal\u00e1 que siempre podamos tener ese derecho, pero ejerci\u00e9ndolo de forma pac\u00edfica\u201d, dijo el pastor de la Iglesia Cat\u00f3lica. El oficialismo siempre responde con marchas a las manifestaciones de los opositores y de ah\u00ed surgen los enfrentamientos.<\/p>\n<p>Monse\u00f1or Moronta llam\u00f3 a los dos bandos a protestar en sana paz. \u201cEs un derecho importante que lo hagan, pero con criterio de racionalidad y con sentido de la paz\u201d, expres\u00f3. Los tachirenses han salido a las calles, en las noches, a hacer sentir la voz de rechazo a las medidas asumidas en Caracas.<\/p>\n<p>El Obispo del T\u00e1chira hizo dijo que \u201cen nombre de Dios quiero llamar a la paz y a la concordia\u201d. Llam\u00f3 a los dirigente pol\u00edticos \u201coficialistas y de la oposici\u00f3n a que busquemos un espacio para dialogar en un ambiente de solidaridad\u201d.<\/p>\n<p>\u201cEs importante en este momento que nos escuchemos\u201d y una actitud que deben asumir los venezolanos en este momento es facilitar el encuentro. \u201c\u201dn comuni\u00f3n con los obispos de Venezuela hemos reiterado este mensaje de la invitaci\u00f3n a buscar espacios de encuentro para que no solamente dialoguemos sino compartamos ideas en el clima de buscar soluciones, respet\u00e1ndonos y buscando las responsabilidades de cada uno\u201d.<\/p>\n<p>El encuentro pudiera ser en la casa episcopal, en una iglesia, en la calle. \u201cQue sea un sitio donde nos encontremos para dialogar, superar las dificultades, pero no para imponer criterios ni de uno ni otro lado\u201d.<\/p>\n<p>La violencia vivida en Venezuela no es solo de las armas ni del fuego que se prende en las calles, sino tambi\u00e9n de la violencia de las palabras. \u201cSi tu opinas diferente que te respeten, pero que no ofendan. En ning\u00fan dirigente del gobierno ni de oposici\u00f3n ni en ninguna persona debe haber un lenguaje que descalifique a los dem\u00e1s.<\/p>\n<p>&nbsp; <\/p>\n","protected":false},"excerpt":{"rendered":"<p>&nbsp; SAN CRIST\u00d3BAL &#8211; Venezuela &#8211; (Prensa Di\u00f3cesis).- Garantizar el orden p\u00fablico en los par\u00e1metros de justicia, paz, libertad y de la ley, sin abusos, pidi\u00f3 \u00a0monse\u00f1or Mario Moronta Rodr\u00edguez (obispo de San Crist\u00f3bal \u2013 Venezuela), a \u00a0las autoridades civiles y a las fuerza p\u00fablica del estado T\u00e1chira. La declaraci\u00f3n del prelado surgi\u00f3 a ra\u00edz &hellip;<\/p>\n","protected":false},"author":1,"featured_media":20771,"comment_status":"open","ping_status":"open","sticky":false,"template":"","format":"standard","meta":{"footnotes":""},"categories":[4,39],"tags":[1155,1156],"class_list":["post-20770","post","type-post","status-publish","format-standard","has-post-thumbnail","hentry","category-barra","category-miradas-ajenas","tag-monsenor-mario-moronta-rodriguez","tag-obispo-de-san-cristobal"],"_links":{"self":[{"href":"https:\/\/contraluzcucuta.co\/index.php?rest_route=\/wp\/v2\/posts\/20770","targetHints":{"allow":["GET"]}}],"collection":[{"href":"https:\/\/contraluzcucuta.co\/index.php?rest_route=\/wp\/v2\/posts"}],"about":[{"href":"https:\/\/contraluzcucuta.co\/index.php?rest_route=\/wp\/v2\/types\/post"}],"author":[{"embeddable":true,"href":"https:\/\/contraluzcucuta.co\/index.php?rest_route=\/wp\/v2\/users\/1"}],"replies":[{"embeddable":true,"href":"https:\/\/contraluzcucuta.co\/index.php?rest_route=%2Fwp%2Fv2%2Fcomments&post=20770"}],"version-history":[{"count":1,"href":"https:\/\/contraluzcucuta.co\/index.php?rest_route=\/wp\/v2\/posts\/20770\/revisions"}],"predecessor-version":[{"id":20772,"href":"https:\/\/contraluzcucuta.co\/index.php?rest_route=\/wp\/v2\/posts\/20770\/revisions\/20772"}],"wp:featuredmedia":[{"embeddable":true,"href":"https:\/\/contraluzcucuta.co\/index.php?rest_route=\/wp\/v2\/media\/20771"}],"wp:attachment":[{"href":"https:\/\/contraluzcucuta.co\/index.php?rest_route=%2Fwp%2Fv2%2Fmedia&parent=20770"}],"wp:term":[{"taxonomy":"category","embeddable":true,"href":"https:\/\/contraluzcucuta.co\/index.php?rest_route=%2Fwp%2Fv2%2Fcategories&post=20770"},{"taxonomy":"post_tag","embeddable":true,"href":"https:\/\/contraluzcucuta.co\/index.php?rest_route=%2Fwp%2Fv2%2Ftags&post=20770"}],"curies":[{"name":"wp","href":"https:\/\/api.w.org\/{rel}","templated":true}]}}