{"id":20764,"date":"2014-02-20T22:27:58","date_gmt":"2014-02-21T03:27:58","guid":{"rendered":"http:\/\/contraluzcucuta.co\/?p=20764"},"modified":"2014-02-22T12:25:49","modified_gmt":"2014-02-22T17:25:49","slug":"en-cucuta-la-construccion-de-uso-no-habitacional-esta-saturada","status":"publish","type":"post","link":"https:\/\/contraluzcucuta.co\/?p=20764","title":{"rendered":"En C\u00facuta la construcci\u00f3n de uso no habitacional est\u00e1 \u2018saturada\u2019"},"content":{"rendered":"<p><b style=\"line-height: 1.5em;\">C\u00daCUTA.-<\/b><span style=\"line-height: 1.5em;\"> La oferta de construcci\u00f3n de uso no habitacional en C\u00facuta est\u00e1 \u2018saturada\u2019, de acuerdo con el estudio efectuado por Efra\u00edn Rodr\u00edguez Pelayo, consultor y asesor de empresas, para la C\u00e1mara de Comercio y Camacol. Para el per\u00edodo 2012 \u2013 2013, la oferta se define en 184.543 metros cuadrados;\u00a0 mientras\u00a0 que\u00a0 la\u00a0 demanda\u00a0 para el 2013 llega a 95.952 metros cuadrados.<\/span><\/p>\n<p>La demanda alcanza el 52 por ciento de la oferta, 88.591 metros cuadrados por encima de la demanda. Los bienes aprobados en licencias y construidos posteriormente llevaron entre 3 y 12 \u00a0meses de desarrollo e inicio de la comercializaci\u00f3n. La demanda fue calculada y tenida en cuenta de acuerdo con lo corrido del 2013.<\/p>\n<p>El estudio encontr\u00f3 que la oferta es menor en 33,5 por ciento que la demanda. Se presenta una diferencia de 32.114 metros cuadrados entre lo ofertado y lo demandado, manifest\u00e1ndose as\u00ed dos situaciones potenciales:<\/p>\n<p><b>1.- Estancamiento de la oferta<\/b>. Producto de la disminuci\u00f3n de compra de bienes de uso no habitacional<\/p>\n<p><b>2.- Necesidades insatisfechas de la demanda<\/b>. Por no encontrar el sistema empresarial de la ciudad las construcciones de uso no habitacional requeridas para cubrir las instalaciones necesarias de las empresas.<\/p>\n<p>El objetivo general del trabajo elaborado por Rodr\u00edguez Pelayo fue conocer, mediante el desarrollo del estudio, la situaci\u00f3n de la oferta y la caracterizaci\u00f3n de la demanda, de la construcci\u00f3n de uso no habitacional en C\u00facuta<\/p>\n<p>En el an\u00e1lisis de la construcci\u00f3n de bienes no habitacionales, en el 2013, en mayo se tuvo el mayor n\u00famero con 90, seguido de enero (66), marzo (23), febrero (12) y abril (7), para un total de 198.<\/p>\n<p>En cuanto al uso para comercio y otros servicios, en enero se dio la mayor cantidad con 16.679,26 metros cuadrados construidos; seguido de mayo (6675,33 M2), febrero (4132,24 M2), marzo (4028,71 M2) y abril (1565,90 M2), para un total de 33.081,44 M\u201d.<\/p>\n<p>Para el uso institucional febrero obtuvo la delantera con 21.861,70 metros cuadrados, seguido por\u00a0 abril (4342,68 M2), enero (2466,18 M2), marzo (1136,37 M2) y mayo (949,42 M2), para 30.756,35 metros cuadrados.<\/p>\n<p>El an\u00e1lisis integral de la oferta de bienes no habitacionales, de los \u00faltimos cuatro a\u00f1os, en C\u00facuta es el siguiente: 450 construidos en el 2010; 235 en el 2011; 901 en el 2012 y 198 en el 2013 (de enero a mayo), para un total de \u00a01784.<\/p>\n<p>Los centros comerciales de C\u00facuta (a junio de 2013) presentaban la siguiente situaci\u00f3n:<\/p>\n<p><b>1.- Oit\u00ed<\/b>. 860 locales, ocupados 316 (42 %), desocupados 499 (58 %)<\/p>\n<p><b>2.- Bol\u00edvar<\/b>. 215 locales, ocupados 188 (87 %), desocupados 27 (13 %)<\/p>\n<p><b>3.- Plaza de los Andes<\/b>. 200 locales, ocupados 170 (85 %), desocupados 30 (15 %)<\/p>\n<p><b>4.- Ventura Plaza<\/b>. 185 locales, ocupados 181 (98 %), desocupados 4 (2 %)<\/p>\n<p><b>5.- Bulevar<\/b>. 179 locales, ocupados 157 (88 %), desocupados 22 (12 %). Especializado en comercializaci\u00f3n de tecnolog\u00eda<\/p>\n<p><b>6.- R\u00edver Center<\/b>. 153 locales, ocupados 113\u00a0 (74 %), desocupados 40 (26 %)<\/p>\n<p><b>7.- Internacional LECS<\/b>. 138 locales, ocupados 105 (76 %), desocupados 33 (24 %).<\/p>\n<p><b>8.- Unicentro<\/b>. 125 locales, ocupados 119 (95 %), desocupados 6 (6%)<\/p>\n<p>En total, en C\u00facuta hay 2055 locales, de los cuales 1394 est\u00e1n ocupados (68 %) y 661 desocupados (32 %).<\/p>\n<p>Foto: MARCO S\u00daA<\/p>\n<p>&nbsp; <\/p>\n","protected":false},"excerpt":{"rendered":"<p>C\u00daCUTA.- La oferta de construcci\u00f3n de uso no habitacional en C\u00facuta est\u00e1 \u2018saturada\u2019, de acuerdo con el estudio efectuado por Efra\u00edn Rodr\u00edguez Pelayo, consultor y asesor de empresas, para la C\u00e1mara de Comercio y Camacol. Para el per\u00edodo 2012 \u2013 2013, la oferta se define en 184.543 metros cuadrados;\u00a0 mientras\u00a0 que\u00a0 la\u00a0 demanda\u00a0 para el &hellip;<\/p>\n","protected":false},"author":1,"featured_media":20766,"comment_status":"open","ping_status":"open","sticky":false,"template":"","format":"standard","meta":{"footnotes":""},"categories":[541,36],"tags":[827,375],"class_list":["post-20764","post","type-post","status-publish","format-standard","has-post-thumbnail","hentry","category-ciudad","category-la-voz-del-pueblo","tag-camacol-norte-de-santander","tag-camara-de-comercio-de-cucuta"],"_links":{"self":[{"href":"https:\/\/contraluzcucuta.co\/index.php?rest_route=\/wp\/v2\/posts\/20764","targetHints":{"allow":["GET"]}}],"collection":[{"href":"https:\/\/contraluzcucuta.co\/index.php?rest_route=\/wp\/v2\/posts"}],"about":[{"href":"https:\/\/contraluzcucuta.co\/index.php?rest_route=\/wp\/v2\/types\/post"}],"author":[{"embeddable":true,"href":"https:\/\/contraluzcucuta.co\/index.php?rest_route=\/wp\/v2\/users\/1"}],"replies":[{"embeddable":true,"href":"https:\/\/contraluzcucuta.co\/index.php?rest_route=%2Fwp%2Fv2%2Fcomments&post=20764"}],"version-history":[{"count":1,"href":"https:\/\/contraluzcucuta.co\/index.php?rest_route=\/wp\/v2\/posts\/20764\/revisions"}],"predecessor-version":[{"id":20765,"href":"https:\/\/contraluzcucuta.co\/index.php?rest_route=\/wp\/v2\/posts\/20764\/revisions\/20765"}],"wp:featuredmedia":[{"embeddable":true,"href":"https:\/\/contraluzcucuta.co\/index.php?rest_route=\/wp\/v2\/media\/20766"}],"wp:attachment":[{"href":"https:\/\/contraluzcucuta.co\/index.php?rest_route=%2Fwp%2Fv2%2Fmedia&parent=20764"}],"wp:term":[{"taxonomy":"category","embeddable":true,"href":"https:\/\/contraluzcucuta.co\/index.php?rest_route=%2Fwp%2Fv2%2Fcategories&post=20764"},{"taxonomy":"post_tag","embeddable":true,"href":"https:\/\/contraluzcucuta.co\/index.php?rest_route=%2Fwp%2Fv2%2Ftags&post=20764"}],"curies":[{"name":"wp","href":"https:\/\/api.w.org\/{rel}","templated":true}]}}