{"id":20761,"date":"2014-02-20T22:14:19","date_gmt":"2014-02-21T03:14:19","guid":{"rendered":"http:\/\/contraluzcucuta.co\/?p=20761"},"modified":"2014-02-22T12:26:48","modified_gmt":"2014-02-22T17:26:48","slug":"21-alcaldes-no-han-colaborado-con-la-registraduria","status":"publish","type":"post","link":"https:\/\/contraluzcucuta.co\/?p=20761","title":{"rendered":"21 alcaldes no han colaborado con la Registradur\u00eda"},"content":{"rendered":"<p><b style=\"line-height: 1.5em;\">C\u00daCUTA.-<\/b><span style=\"line-height: 1.5em;\"> A escasas dos semanas de la elecci\u00f3n de los miembros del Senado y la C\u00e1mara de Representantes, para el periodo 2014-2018, \u00a0en Norte de Santander 21 alcaldes no han brindado ayudas t\u00e9cnicas necesarias a la Registradur\u00eda para garantizar la pulcritud en el proceso democr\u00e1tico.<\/span><\/p>\n<p>Las administraciones municipales est\u00e1n en la obligaci\u00f3n de apoyar a la dependencia encargada del proceso. El delegado departamental Tirso Alberto Cabello expuso la situaci\u00f3n en el Comit\u00e9 de Seguimiento Electoral, efectuado el 19 de febrero, en C\u00facuta.<\/p>\n<p>En poco tiempo se cumplir\u00e1 el cuarto y \u00faltimo simulacro electoral. La importancia de la actividad radica en la aproximaci\u00f3n al ejercicio real que permite establecer acciones para mejorar el proceso.<\/p>\n<p>En la reuni\u00f3n particip\u00f3 el viceministro del Interior, Juan Camilo Restrepo G\u00f3mez. Se\u00f1al\u00f3 que son diversos los aspectos puntuales en los que las autoridades municipales deber\u00e1n trabajar de la mano con los candidatos y las instituciones oficiales para blindar y cerciorar de que los comicios trascurran sin contratiempo.<\/p>\n<p>Las autoridades civiles regionales deben unificar el mecanismo de recepci\u00f3n de denuncias sobre amenazas, delitos electorales o cualquier hecho que ponga en riesgo la elecci\u00f3n de congresistas, en marzo, y del Presidente de la Rep\u00fablica, en mayo. El Ej\u00e9rcito y Polic\u00eda deben cruzar informaci\u00f3n para generar la pronta respuesta en caso de hechos que perturben el orden.<\/p>\n<p>El panorama electoral en Norte de Santander no presenta riesgos que imposibiliten garantizar el derecho al voto a los ciudadanos. En los pr\u00f3ximos d\u00edas, el Gobierno emitir\u00e1 el decreto que reglamentar\u00e1 el orden p\u00fablico en la frontera, y los horarios y la publicidad para el d\u00eda de las votaciones.<\/p>\n<p>\u201cLos comicios del 2014, ser\u00e1n los m\u00e1s seguros y trasparentes de la historia del pa\u00eds\u201d, dijo el viceministro Restrepo G\u00f3mez. La Fuerza P\u00fablica dio parte de tranquilidad en el departamento y reiter\u00f3 que tiene el equipo humano y log\u00edstico para garantizar seguridad en las elecciones.<\/p>\n<p>\u201cNo se tiene una informaci\u00f3n espec\u00edfica de atentados contra sedes pol\u00edticas o candidatos en particular\u201d, se\u00f1al\u00f3 Restrepo G\u00f3mez.<\/p>\n<p>La preparaci\u00f3n de las elecciones en Norte de Santander es un proceso que va por buen camino y con normalidad en el orden p\u00fablico, \u201ca la espera que as\u00ed se mantenga\u201d, dijo Gregorio Angarita, secretario general de la Gobernaci\u00f3n. \u201cSolo resta invitar a que salgan a votar, pues existen garant\u00edas para hacerlo en paz y tranquilidad\u201d.<\/p>\n<p>Al Comit\u00e9 Electoral asistieron el coronel Eli\u00e9cer Camacho Jim\u00e9nez, comandante del Departamento de Polic\u00eda Norte de Santander; teniente coronel Javier Mora, subcomandante de la Polic\u00eda Metropolitana de C\u00facuta; Claudia Rodr\u00edguez, contralora Regional; Yaneth Gonzales, procuradora Regional; Claudia Bar\u00f3n, directora de Migraci\u00f3n Colombia Norte de Santander; Nohora Oliveros, secretaria de Gobierno; alcaldes de Tib\u00fa, Puerto Santander, Oca\u00f1a y Gramalote, y representantes de los partidos y movimientos pol\u00edticos.<\/p>\n<p>&nbsp; <\/p>\n","protected":false},"excerpt":{"rendered":"<p>C\u00daCUTA.- A escasas dos semanas de la elecci\u00f3n de los miembros del Senado y la C\u00e1mara de Representantes, para el periodo 2014-2018, \u00a0en Norte de Santander 21 alcaldes no han brindado ayudas t\u00e9cnicas necesarias a la Registradur\u00eda para garantizar la pulcritud en el proceso democr\u00e1tico. Las administraciones municipales est\u00e1n en la obligaci\u00f3n de apoyar a &hellip;<\/p>\n","protected":false},"author":1,"featured_media":20762,"comment_status":"open","ping_status":"open","sticky":false,"template":"","format":"standard","meta":{"footnotes":""},"categories":[6,9],"tags":[1152,1154,1153],"class_list":["post-20761","post","type-post","status-publish","format-standard","has-post-thumbnail","hentry","category-ojo-avizor","category-politica","tag-alcaldes-de-norte-de-santander","tag-juan-camilo-restrepo","tag-viceministro-del-interior"],"_links":{"self":[{"href":"https:\/\/contraluzcucuta.co\/index.php?rest_route=\/wp\/v2\/posts\/20761","targetHints":{"allow":["GET"]}}],"collection":[{"href":"https:\/\/contraluzcucuta.co\/index.php?rest_route=\/wp\/v2\/posts"}],"about":[{"href":"https:\/\/contraluzcucuta.co\/index.php?rest_route=\/wp\/v2\/types\/post"}],"author":[{"embeddable":true,"href":"https:\/\/contraluzcucuta.co\/index.php?rest_route=\/wp\/v2\/users\/1"}],"replies":[{"embeddable":true,"href":"https:\/\/contraluzcucuta.co\/index.php?rest_route=%2Fwp%2Fv2%2Fcomments&post=20761"}],"version-history":[{"count":1,"href":"https:\/\/contraluzcucuta.co\/index.php?rest_route=\/wp\/v2\/posts\/20761\/revisions"}],"predecessor-version":[{"id":20763,"href":"https:\/\/contraluzcucuta.co\/index.php?rest_route=\/wp\/v2\/posts\/20761\/revisions\/20763"}],"wp:featuredmedia":[{"embeddable":true,"href":"https:\/\/contraluzcucuta.co\/index.php?rest_route=\/wp\/v2\/media\/20762"}],"wp:attachment":[{"href":"https:\/\/contraluzcucuta.co\/index.php?rest_route=%2Fwp%2Fv2%2Fmedia&parent=20761"}],"wp:term":[{"taxonomy":"category","embeddable":true,"href":"https:\/\/contraluzcucuta.co\/index.php?rest_route=%2Fwp%2Fv2%2Fcategories&post=20761"},{"taxonomy":"post_tag","embeddable":true,"href":"https:\/\/contraluzcucuta.co\/index.php?rest_route=%2Fwp%2Fv2%2Ftags&post=20761"}],"curies":[{"name":"wp","href":"https:\/\/api.w.org\/{rel}","templated":true}]}}