{"id":20755,"date":"2014-02-18T23:10:43","date_gmt":"2014-02-19T04:10:43","guid":{"rendered":"http:\/\/contraluzcucuta.co\/?p=20755"},"modified":"2014-02-22T12:27:48","modified_gmt":"2014-02-22T17:27:48","slug":"monsenor-julio-cesar-vidal-queria-ser-cirujano","status":"publish","type":"post","link":"https:\/\/contraluzcucuta.co\/?p=20755","title":{"rendered":"Monse\u00f1or Julio C\u00e9sar Vidal quer\u00eda ser cirujano"},"content":{"rendered":"<p><b style=\"line-height: 1.5em;\">C\u00daCUTA.-<\/b><span style=\"line-height: 1.5em;\"> En Tierra Alta, caser\u00edo del Alto Sin\u00fa, un adolescente so\u00f1aba con ser m\u00e9dico para seguir la profesi\u00f3n del padrino. Estaba encari\u00f1ado con la medicina y en los pensamientos se proyectaba como cirujano. Un d\u00eda despert\u00f3 y no se vio cubierto con la bata blanca, sino vestido de sotana.<\/span><\/p>\n<p>El muchacho, a pesar de la reprimenda de los amigos \u00a0\u201c\u00bfPor qu\u00e9 te vas a ir de cura?\u201d, y de las amigas \u201c\u00bfqu\u00e9 te ha dado? \u00bfPor qu\u00e9 te vas?\u201d, sigui\u00f3 el llamado de Dios por intermedio del misionero Gumersindo Dom\u00ednguez, quien acaba de cumplir 96 a\u00f1os, venido de Burgos (Espa\u00f1a).<\/p>\n<p>El religioso lo sac\u00f3 del camino mundano que cre\u00eda recorrer\u00eda por el resto de la vida y lo hizo \u2018cirujano de almas\u2019. Las palabras del misionero lo pusieron en el seminario menor de Monter\u00eda para estudiar bachillerato. Lo recibi\u00f3 el arzobispo Jos\u00e9 de Jes\u00fas Pimiento. De ah\u00ed en adelante se dedic\u00f3 a consagrarse al servicio de Dios.<\/p>\n<p>El joven aquel acaba de cumplir 20 a\u00f1os de obispado. El 18 de enero de 1994, \u00a0en la Catedral de San Jer\u00f3nimo, en Monter\u00eda, el nuncio Paolo Romeo le confiri\u00f3 la plenitud del sacerdocio, imponi\u00e9ndole las manos y ungi\u00e9ndolo para unirse al colegio apost\u00f3lico, sucesor de los ap\u00f3stoles. El papa Juan Pablo II le confiri\u00f3 el t\u00edtulo de Obispo.<\/p>\n<p>Sacerdotes, seminaristas y laicos participaron en la celebraci\u00f3n de las dos d\u00e9cadas del obispado de monse\u00f1or Julio C\u00e9sar Vidal Ortiz, en la catedral de San Jos\u00e9, en C\u00facuta. Hace 40 a\u00f1os se visti\u00f3 de sotana y jam\u00e1s pudo zafarse de esa vestimenta aunque en algunas circunstancias quer\u00eda hacerlo.<\/p>\n<p>\u201cMi vocaci\u00f3n fue un regalo grande del Se\u00f1or y contra toda concepci\u00f3n humana. Nunca hab\u00eda pensado en el sacerdocio\u201d. La revelaci\u00f3n la hizo en la homil\u00eda de la eucarist\u00eda preparada para la ocasi\u00f3n.<\/p>\n<p>El papa Benedicto XVI le encarg\u00f3 la Di\u00f3cesis de C\u00facuta. Aqu\u00ed lleva dos a\u00f1os y cuatro meses y ha ordenado a 20 sacerdotes. Es el octavo obispo que ha servido a la Iglesia Particular. \u201cNunca pas\u00f3 por mi mente que ser\u00eda Obispo de C\u00facuta\u201d.<\/p>\n<p>En los pensamientos estaba cualquier di\u00f3cesis de la Costa Atl\u00e1ntica, donde vivi\u00f3 y se movi\u00f3 por mucho tiempo. Hoy, est\u00e1 agradecido por el recibimiento y el trato recibidos en la capital de Norte de Santander. \u201cNo he extra\u00f1ado el bocachico del Sin\u00fa, ni el mote de queso, ni el patac\u00f3n pisao\u201d. Aqu\u00ed, los cucute\u00f1os lo han hecho sentir como en casa.<\/p>\n<p>Monse\u00f1or Vidal Ortiz resumi\u00f3 en tres palabras su vida sacerdotal y que brotan de lo m\u00e1s profundo del coraz\u00f3n. \u201cGracias, contemplaci\u00f3n y prop\u00f3sito\u201d.<\/p>\n<p><b>Gracias<\/b>. A Dios, por el llamado para el ministerio sacerdotal y a los hermanos sacerdotes que lo acompa\u00f1an.<\/p>\n<p><b>Contemplaci\u00f3n<\/b>. \u201cEl ministerio del sacerdocio, del episcopado, nadie se lo merece. Ni nadie por sus cualidades, inteligencia y capacidades puede decir Se\u00f1or aqu\u00ed estoy yo. Es un don que Dios da a quien quiere y cuando quiere y en el momento que quiere. Ninguno de nosotros, ni siquiera el Papa, puede enorgullecerse de su vocaci\u00f3n. Es Dios el que llama\u201d.<\/p>\n<p><b>Prop\u00f3sito.<\/b> \u201cSi el Se\u00f1or me ha tra\u00eddo a estos 20 a\u00f1os de episcopado tengo que renovar como sacerdote mi compromiso\u201d.<\/p>\n<p><b>RAFAEL ANTONIO PAB\u00d3N<\/b><\/p>\n<p><b><a href=\"mailto:rafaelpabon58@hotmail.com\">rafaelpabon58@hotmail.com<\/a><\/b><\/p>\n<p>&nbsp;<\/p>\n<p>&nbsp; <\/p>\n","protected":false},"excerpt":{"rendered":"<p>C\u00daCUTA.- En Tierra Alta, caser\u00edo del Alto Sin\u00fa, un adolescente so\u00f1aba con ser m\u00e9dico para seguir la profesi\u00f3n del padrino. Estaba encari\u00f1ado con la medicina y en los pensamientos se proyectaba como cirujano. Un d\u00eda despert\u00f3 y no se vio cubierto con la bata blanca, sino vestido de sotana. El muchacho, a pesar de la &hellip;<\/p>\n","protected":false},"author":1,"featured_media":20756,"comment_status":"open","ping_status":"open","sticky":false,"template":"","format":"standard","meta":{"footnotes":""},"categories":[10,45],"tags":[8,1151],"class_list":["post-20755","post","type-post","status-publish","format-standard","has-post-thumbnail","hentry","category-cronicas","category-destacado","tag-diocesis-de-cucuta","tag-monsenor-julio-cesar-vidal-ortiz"],"_links":{"self":[{"href":"https:\/\/contraluzcucuta.co\/index.php?rest_route=\/wp\/v2\/posts\/20755","targetHints":{"allow":["GET"]}}],"collection":[{"href":"https:\/\/contraluzcucuta.co\/index.php?rest_route=\/wp\/v2\/posts"}],"about":[{"href":"https:\/\/contraluzcucuta.co\/index.php?rest_route=\/wp\/v2\/types\/post"}],"author":[{"embeddable":true,"href":"https:\/\/contraluzcucuta.co\/index.php?rest_route=\/wp\/v2\/users\/1"}],"replies":[{"embeddable":true,"href":"https:\/\/contraluzcucuta.co\/index.php?rest_route=%2Fwp%2Fv2%2Fcomments&post=20755"}],"version-history":[{"count":1,"href":"https:\/\/contraluzcucuta.co\/index.php?rest_route=\/wp\/v2\/posts\/20755\/revisions"}],"predecessor-version":[{"id":20757,"href":"https:\/\/contraluzcucuta.co\/index.php?rest_route=\/wp\/v2\/posts\/20755\/revisions\/20757"}],"wp:featuredmedia":[{"embeddable":true,"href":"https:\/\/contraluzcucuta.co\/index.php?rest_route=\/wp\/v2\/media\/20756"}],"wp:attachment":[{"href":"https:\/\/contraluzcucuta.co\/index.php?rest_route=%2Fwp%2Fv2%2Fmedia&parent=20755"}],"wp:term":[{"taxonomy":"category","embeddable":true,"href":"https:\/\/contraluzcucuta.co\/index.php?rest_route=%2Fwp%2Fv2%2Fcategories&post=20755"},{"taxonomy":"post_tag","embeddable":true,"href":"https:\/\/contraluzcucuta.co\/index.php?rest_route=%2Fwp%2Fv2%2Ftags&post=20755"}],"curies":[{"name":"wp","href":"https:\/\/api.w.org\/{rel}","templated":true}]}}