{"id":20752,"date":"2014-02-18T21:51:29","date_gmt":"2014-02-19T02:51:29","guid":{"rendered":"http:\/\/contraluzcucuta.co\/?p=20752"},"modified":"2014-02-18T21:51:29","modified_gmt":"2014-02-19T02:51:29","slug":"aida-avella-la-union-patriotica-ha-renacido-como-el-partido-de-la-paz","status":"publish","type":"post","link":"https:\/\/contraluzcucuta.co\/?p=20752","title":{"rendered":"A\u00edda Avella. \u201cLa Uni\u00f3n Patri\u00f3tica ha renacido como el partido de la paz\u201d"},"content":{"rendered":"<p><b style=\"line-height: 1.5em;\">C\u00daCUTA.-<\/b><span style=\"line-height: 1.5em;\"> Tres mujeres buscan en Colombia la presidencia de la Rep\u00fablica. Marta luc\u00eda Ram\u00edrez, por el partido Conservador; Clara L\u00f3pez, por el Polo Democr\u00e1tico, y A\u00edda Avella, por la Uni\u00f3n Patri\u00f3tica. La campa\u00f1a proselitista trajo a la ciudad, el fin de semana, a la aspirante por la UP.<\/span><\/p>\n<p>Acompa\u00f1ada por varios de los seguidores en Norte de Santander y por algunos de los candidatos al Congreso de la Rep\u00fablica y al Parlamento Andino, la candidata Avella dio a conocer sus propuestas para suceder en el poder a Juan Manuel Santos.<\/p>\n<p>\u201cLas mujeres en este pa\u00eds tenemos iguales derechos que los hombres\u201d, dijo al explicar por qu\u00e9 quiere llegar al Palacio de Nari\u00f1o. \u201cTenemos 200 a\u00f1os gobernados por los hombres y no lo han hecho como bien. Estamos pidiendo una oportunidad, no porque seamos mujeres, sino porque tenemos la capacidad de gobernar el pa\u00eds\u201d.<\/p>\n<p>En este momento las mujeres lideran a Brasil, Argentina, Chile y Costa Rica. \u201c\u00bfPor qu\u00e9 en Colombia no podemos tener a la se\u00f1ora Avella? Es apenas obvio. Conocemos el pa\u00eds como el que m\u00e1s, lo hemos recorrido varias veces\u201d.<\/p>\n<p>La aspirante presidencial reci\u00e9n volvi\u00f3 al pa\u00eds luego de pasar largos a\u00f1os en Europa, merced al exilio al que fue sometida por grupos al margen de la ley que la amenazaron de muerte. Al regreso tom\u00f3 las banderas de la UP y comenz\u00f3 la campa\u00f1a.<\/p>\n<p>\u201cCreemos que se hace necesaria la paz y que si se llegan a dar los acuerdos de La Habana, la paz sea duradera\u201d, dijo en el encuentro con periodistas cucute\u00f1os.<\/p>\n<p>Habl\u00f3 de la necesidad de impulsar varias reformas, entre esas la agraria. \u201cEs una urgencia hacer que los trabajadores del campo tengan un instrumento especial para que el campo sea productivo\u201d. Asegur\u00f3 que en el pa\u00eds habr\u00e1 alimentaci\u00f3n para los veh\u00edculos y no para los humanos.<\/p>\n<p>Las reformas estructurales planteadas por A\u00edda Avella comprenden la atenci\u00f3n a las carreteras, el agua potable, el rescate de los r\u00edos y la defensa de la selva y de los mares. Tambi\u00e9n, programas en educaci\u00f3n, salud, delincuencia com\u00fan, desempleo.<\/p>\n<p>\u201cLa Uni\u00f3n Patri\u00f3tica ha renacido como el partido de la paz\u201d, pero con justicia social. Dijo que si no se arreglan los problemas de desigualdad van a continuar los inconvenientes, porque la riqueza nacional debe repartirse entre 46 millones y no en las 140 familias de siempre.<\/p>\n<p>Propuso la nacionalizaci\u00f3n de las notar\u00edas para que los colombianos sepan que el dinero que recaudan esas oficinas en p\u00fablico. \u201cHace much\u00edsimos a\u00f1os se lo est\u00e1n llevando el notario y el pol\u00edtico que lo hace nombrar\u201d. De la plata que se paga por las autenticaciones, solo el 10 por ciento va para el Estado. A los notarios nadie los controla y declaran lo que quieren. \u201cEsto no puede seguir as\u00ed\u201d.<\/p>\n<p>La propuesta de la Uni\u00f3n Patri\u00f3tica es recoger esa plata que pagan los particulares y constituir una caja de pensiones para mayores de 65 a\u00f1os, campesinos, vendedores ambulantes, sastres, modistas, peluqueros, fot\u00f3grafos, heladeros y discapacitados.<\/p>\n<p><b>RAFAEL ANTONIO PAB\u00d3N<\/b><\/p>\n<p><b><a href=\"mailto:rafaelpabon58@hotmail.com\">rafaelpabon58@hotmail.com<\/a><\/b><\/p>\n<p>Fotos: MARCO S\u00daA<\/p>\n<p>&nbsp; <\/p>\n","protected":false},"excerpt":{"rendered":"<p>C\u00daCUTA.- Tres mujeres buscan en Colombia la presidencia de la Rep\u00fablica. Marta luc\u00eda Ram\u00edrez, por el partido Conservador; Clara L\u00f3pez, por el Polo Democr\u00e1tico, y A\u00edda Avella, por la Uni\u00f3n Patri\u00f3tica. La campa\u00f1a proselitista trajo a la ciudad, el fin de semana, a la aspirante por la UP. Acompa\u00f1ada por varios de los seguidores en &hellip;<\/p>\n","protected":false},"author":1,"featured_media":20753,"comment_status":"open","ping_status":"open","sticky":false,"template":"","format":"standard","meta":{"footnotes":""},"categories":[4,9],"tags":[1149,1150],"class_list":["post-20752","post","type-post","status-publish","format-standard","has-post-thumbnail","hentry","category-barra","category-politica","tag-aida-avella","tag-union-patriotica"],"_links":{"self":[{"href":"https:\/\/contraluzcucuta.co\/index.php?rest_route=\/wp\/v2\/posts\/20752","targetHints":{"allow":["GET"]}}],"collection":[{"href":"https:\/\/contraluzcucuta.co\/index.php?rest_route=\/wp\/v2\/posts"}],"about":[{"href":"https:\/\/contraluzcucuta.co\/index.php?rest_route=\/wp\/v2\/types\/post"}],"author":[{"embeddable":true,"href":"https:\/\/contraluzcucuta.co\/index.php?rest_route=\/wp\/v2\/users\/1"}],"replies":[{"embeddable":true,"href":"https:\/\/contraluzcucuta.co\/index.php?rest_route=%2Fwp%2Fv2%2Fcomments&post=20752"}],"version-history":[{"count":1,"href":"https:\/\/contraluzcucuta.co\/index.php?rest_route=\/wp\/v2\/posts\/20752\/revisions"}],"predecessor-version":[{"id":20754,"href":"https:\/\/contraluzcucuta.co\/index.php?rest_route=\/wp\/v2\/posts\/20752\/revisions\/20754"}],"wp:featuredmedia":[{"embeddable":true,"href":"https:\/\/contraluzcucuta.co\/index.php?rest_route=\/wp\/v2\/media\/20753"}],"wp:attachment":[{"href":"https:\/\/contraluzcucuta.co\/index.php?rest_route=%2Fwp%2Fv2%2Fmedia&parent=20752"}],"wp:term":[{"taxonomy":"category","embeddable":true,"href":"https:\/\/contraluzcucuta.co\/index.php?rest_route=%2Fwp%2Fv2%2Fcategories&post=20752"},{"taxonomy":"post_tag","embeddable":true,"href":"https:\/\/contraluzcucuta.co\/index.php?rest_route=%2Fwp%2Fv2%2Ftags&post=20752"}],"curies":[{"name":"wp","href":"https:\/\/api.w.org\/{rel}","templated":true}]}}