{"id":20745,"date":"2014-02-18T19:28:36","date_gmt":"2014-02-19T00:28:36","guid":{"rendered":"http:\/\/contraluzcucuta.co\/?p=20745"},"modified":"2014-02-18T19:52:05","modified_gmt":"2014-02-19T00:52:05","slug":"en-siete-meses-terminara-remodelacion-de-la-quinta-teresa","status":"publish","type":"post","link":"https:\/\/contraluzcucuta.co\/?p=20745","title":{"rendered":"En siete meses terminar\u00e1 remodelaci\u00f3n de la Quinta Teresa"},"content":{"rendered":"<p><b style=\"line-height: 1.5em;\">C\u00daCUTA.-<\/b><span style=\"line-height: 1.5em;\"> En cuatro etapas se cumplir\u00e1 la recuperaci\u00f3n de la Quinta Teresa, declarada\u00a0 \u2018Bien de inter\u00e9s cultural de car\u00e1cter nacional\u2019, en 1996. La casona, que sirve como sede al colegio Sagrado Coraz\u00f3n de Jes\u00fas, acusa deterioro. Por varios a\u00f1os permaneci\u00f3 alejada de los presupuestos nacional, departamental y municipal.<\/span><\/p>\n<p>El proceso de restauraci\u00f3n y remodelaci\u00f3n inici\u00f3 en el 2012. En ese a\u00f1o, la Gobernaci\u00f3n de Norte de Santander y la Alcald\u00eda de C\u00facuta presentaron el proyecto ante el\u00a0 Ministerio de Cultura. La entidad adjudic\u00f3 los recursos para la reconstrucci\u00f3n integral.<\/p>\n<p>Los trabajos comprender\u00e1n el reforzamiento estructural de los muros en bajareque; la restauraci\u00f3n y el reforzamiento de estructuras de madera de la cubierta y la restauraci\u00f3n de los muros de ladrillo de las fachadas exteriores.<\/p>\n<p>Las inversiones se han efectuado de la siguiente manera:<\/p>\n<p>1.- En el 2012, el departamento ejecut\u00f3 $ 370 millones y el municipio, $40 millones.<\/p>\n<p>2.- En el 2013, se destinaron $ 455 millones por el departamento y $ 40 millones, por el municipio.<\/p>\n<p>3.- En el 2014, el contrato establecido entre la Gobernaci\u00f3n de Norte de Santander y el Ministerio de Cultura es de $ 2479 millones. El departamento tiene a cargo $ 100 millones y el Ministerio, $ 2379 millones.<\/p>\n<p>Las cuatro etapas del proyecto, que durar\u00e1n de cinco\u00a0 a siete meses, son las siguientes:<\/p>\n<p><b>1.- Etapa I<\/b><\/p>\n<p>Acabados. Carpinter\u00eda-equipos, correspondientes a pisos, cielorrasos, aparatos sanitarios, restauraci\u00f3n de la madera, pintura e instalaciones hidr\u00e1ulicas.<\/p>\n<p><b>2.- Etapa II<\/b><\/p>\n<p>Instalaci\u00f3n el\u00e9ctrica. Distribuidos en acometida y tableros, subestaciones, instalaciones internas, medidores el\u00e9ctricos, cableado estructurado, salida para televisi\u00f3n y telefon\u00eda, pagos a Cens por revisi\u00f3n e instalaci\u00f3n. Instalaci\u00f3n de aire acondicionado: Invertidos en equipos de aire, tuber\u00edas, aislamiento t\u00e9rmico, rejillas para aires tableros electr\u00f3nicos, acometidas el\u00e9ctricas y montaje de equipos.<\/p>\n<p><b>3.- Etapa III<\/b><\/p>\n<p>Obras exteriores. Demolici\u00f3n, desmote, restauraci\u00f3n, enchapes, adecuaci\u00f3n del estacionamiento y asilamiento oriental y sur.<\/p>\n<p><b>4.- Etapa IV<\/b><\/p>\n<p>Obras varias. Demolici\u00f3n de escaleras, bloque de escalera y puente, resanes y reparaci\u00f3n en bloques y existentes, adecuaci\u00f3n parqueadero.<\/p>\n<p>En la ejecuci\u00f3n de las obras se contar\u00e1 con mano de obra de la regi\u00f3n, para dar cumplimiento por parte del contratista a las exigencias del gobernador Edgar D\u00edaz.<\/p>\n<p>Mar\u00eda Teresa Vela es la dise\u00f1adora del proyecto; A\u00edda C\u00e1ceres, coordinadora del Sistema Integrado de la Obra; Enrique Daza Cogoyo, residente interventor, y Albeiro Boh\u00f3rquez, arquitecto residente.<\/p>\n<p>La secretaria de Cultura, Judith Ortega y el arquitecto Segundisalvo Pardo socializaron el proceso de remodelaci\u00f3n de la Quinta Teresa.<\/p>\n<p>&nbsp; <\/p>\n","protected":false},"excerpt":{"rendered":"<p>C\u00daCUTA.- En cuatro etapas se cumplir\u00e1 la recuperaci\u00f3n de la Quinta Teresa, declarada\u00a0 \u2018Bien de inter\u00e9s cultural de car\u00e1cter nacional\u2019, en 1996. La casona, que sirve como sede al colegio Sagrado Coraz\u00f3n de Jes\u00fas, acusa deterioro. Por varios a\u00f1os permaneci\u00f3 alejada de los presupuestos nacional, departamental y municipal. El proceso de restauraci\u00f3n y remodelaci\u00f3n inici\u00f3 &hellip;<\/p>\n","protected":false},"author":1,"featured_media":20746,"comment_status":"open","ping_status":"open","sticky":false,"template":"","format":"standard","meta":{"footnotes":""},"categories":[541,4],"tags":[222],"class_list":["post-20745","post","type-post","status-publish","format-standard","has-post-thumbnail","hentry","category-ciudad","category-barra","tag-quinta-teresa"],"_links":{"self":[{"href":"https:\/\/contraluzcucuta.co\/index.php?rest_route=\/wp\/v2\/posts\/20745","targetHints":{"allow":["GET"]}}],"collection":[{"href":"https:\/\/contraluzcucuta.co\/index.php?rest_route=\/wp\/v2\/posts"}],"about":[{"href":"https:\/\/contraluzcucuta.co\/index.php?rest_route=\/wp\/v2\/types\/post"}],"author":[{"embeddable":true,"href":"https:\/\/contraluzcucuta.co\/index.php?rest_route=\/wp\/v2\/users\/1"}],"replies":[{"embeddable":true,"href":"https:\/\/contraluzcucuta.co\/index.php?rest_route=%2Fwp%2Fv2%2Fcomments&post=20745"}],"version-history":[{"count":2,"href":"https:\/\/contraluzcucuta.co\/index.php?rest_route=\/wp\/v2\/posts\/20745\/revisions"}],"predecessor-version":[{"id":20748,"href":"https:\/\/contraluzcucuta.co\/index.php?rest_route=\/wp\/v2\/posts\/20745\/revisions\/20748"}],"wp:featuredmedia":[{"embeddable":true,"href":"https:\/\/contraluzcucuta.co\/index.php?rest_route=\/wp\/v2\/media\/20746"}],"wp:attachment":[{"href":"https:\/\/contraluzcucuta.co\/index.php?rest_route=%2Fwp%2Fv2%2Fmedia&parent=20745"}],"wp:term":[{"taxonomy":"category","embeddable":true,"href":"https:\/\/contraluzcucuta.co\/index.php?rest_route=%2Fwp%2Fv2%2Fcategories&post=20745"},{"taxonomy":"post_tag","embeddable":true,"href":"https:\/\/contraluzcucuta.co\/index.php?rest_route=%2Fwp%2Fv2%2Ftags&post=20745"}],"curies":[{"name":"wp","href":"https:\/\/api.w.org\/{rel}","templated":true}]}}