{"id":20742,"date":"2014-02-18T19:03:36","date_gmt":"2014-02-19T00:03:36","guid":{"rendered":"http:\/\/contraluzcucuta.co\/?p=20742"},"modified":"2014-02-18T19:03:36","modified_gmt":"2014-02-19T00:03:36","slug":"norte-de-santander-construira-modelos-incluyentes-y-participativos-para-las-victimas","status":"publish","type":"post","link":"https:\/\/contraluzcucuta.co\/?p=20742","title":{"rendered":"Norte de Santander construir\u00e1 modelos incluyentes y participativos para las v\u00edctimas"},"content":{"rendered":"<p><b style=\"line-height: 1.5em;\">C\u00daCUTA.-<\/b><span style=\"line-height: 1.5em;\"> La Primera Mesa de Enfoque Diferencial y Participaci\u00f3n a la V\u00edctimas propuso el dise\u00f1o del modelo de acompa\u00f1amiento a v\u00edctimas, el fortalecimiento institucional y comunitario, y la posibilidad de generar alianzas sectoriales y territoriales para que las familias reciban atenci\u00f3n adecuada.<\/span><\/p>\n<p>En la jornada, cumplida en C\u00facuta, se busc\u00f3 identificar las necesidades de las v\u00edctimas en salud, vivienda, empleo y\u00a0 deporte. Participaron ICBF, Unidad de V\u00edctimas, Defensor\u00eda del Pueblo, Registradur\u00eda y secretar\u00edas de V\u00edctimas, Educaci\u00f3n, Gobierno, TIC y Mujer,<\/p>\n<p>Al tener los insumos se formular\u00e1 la ruta de acci\u00f3n con proyectos e iniciativas factibles para la restituci\u00f3n de los derechos como ciudadanos. De igual forma, se trabaj\u00f3 en la ejecuci\u00f3n de los proyectos identificados en el Plan de Atenci\u00f3n Territorial (PAT) con enfoque diferencial.<\/p>\n<p>Las iniciativas ser\u00e1n aplicadas por las instituciones que tienen que ver con las v\u00edctimas para garantizarles los derechos. Tambi\u00e9n, se dise\u00f1ar\u00e1 el plan de acci\u00f3n para la vigencia 2014, en el que se \u00a0establecer\u00e1n las garant\u00edas, las condiciones y los incentivos para el derecho a la participaci\u00f3n efectiva.<\/p>\n<p>En la regi\u00f3n hay buena capacidad instalada (oferta institucional), y en la reuni\u00f3n del 18 de febrero se retom\u00f3 el compromiso con las v\u00edctimas\u00a0 registradas en el departamento.<\/p>\n<p>La tarea posterior ser\u00e1 construir planes, programas y proyectos que lleguen a la materializaci\u00f3n de los derechos de las v\u00edctimas, para superar el foco de atenci\u00f3n en las medidas de asistencia, avanzar hacia la reparaci\u00f3n integral y trasformadora, y garantizar la no repetici\u00f3n de los hechos victimizantes.<\/p>\n<p>Otras acciones emprendidas son:<\/p>\n<p>1.- Garantizar los derechos a la identidad (tarjeta de identidad, registro civil, libreta militar y cedula de ciudadan\u00eda)<\/p>\n<p>2.- Promover proyectos productivos para j\u00f3venes<\/p>\n<p>3.- Prevenir la violencia contra las mujeres<\/p>\n<p>4.- Prestar atenci\u00f3n integral a los adultos mayores, con acompa\u00f1amiento y asesoramiento\u00a0 de las secretarias de despacho.<\/p>\n<p>&nbsp; <\/p>\n","protected":false},"excerpt":{"rendered":"<p>C\u00daCUTA.- La Primera Mesa de Enfoque Diferencial y Participaci\u00f3n a la V\u00edctimas propuso el dise\u00f1o del modelo de acompa\u00f1amiento a v\u00edctimas, el fortalecimiento institucional y comunitario, y la posibilidad de generar alianzas sectoriales y territoriales para que las familias reciban atenci\u00f3n adecuada. En la jornada, cumplida en C\u00facuta, se busc\u00f3 identificar las necesidades de las &hellip;<\/p>\n","protected":false},"author":1,"featured_media":20743,"comment_status":"open","ping_status":"open","sticky":false,"template":"","format":"standard","meta":{"footnotes":""},"categories":[4,5],"tags":[157,295],"class_list":["post-20742","post","type-post","status-publish","format-standard","has-post-thumbnail","hentry","category-barra","category-justicia-transicional","tag-justicia-transicional-2","tag-victimas-del-conflicto"],"_links":{"self":[{"href":"https:\/\/contraluzcucuta.co\/index.php?rest_route=\/wp\/v2\/posts\/20742","targetHints":{"allow":["GET"]}}],"collection":[{"href":"https:\/\/contraluzcucuta.co\/index.php?rest_route=\/wp\/v2\/posts"}],"about":[{"href":"https:\/\/contraluzcucuta.co\/index.php?rest_route=\/wp\/v2\/types\/post"}],"author":[{"embeddable":true,"href":"https:\/\/contraluzcucuta.co\/index.php?rest_route=\/wp\/v2\/users\/1"}],"replies":[{"embeddable":true,"href":"https:\/\/contraluzcucuta.co\/index.php?rest_route=%2Fwp%2Fv2%2Fcomments&post=20742"}],"version-history":[{"count":1,"href":"https:\/\/contraluzcucuta.co\/index.php?rest_route=\/wp\/v2\/posts\/20742\/revisions"}],"predecessor-version":[{"id":20744,"href":"https:\/\/contraluzcucuta.co\/index.php?rest_route=\/wp\/v2\/posts\/20742\/revisions\/20744"}],"wp:featuredmedia":[{"embeddable":true,"href":"https:\/\/contraluzcucuta.co\/index.php?rest_route=\/wp\/v2\/media\/20743"}],"wp:attachment":[{"href":"https:\/\/contraluzcucuta.co\/index.php?rest_route=%2Fwp%2Fv2%2Fmedia&parent=20742"}],"wp:term":[{"taxonomy":"category","embeddable":true,"href":"https:\/\/contraluzcucuta.co\/index.php?rest_route=%2Fwp%2Fv2%2Fcategories&post=20742"},{"taxonomy":"post_tag","embeddable":true,"href":"https:\/\/contraluzcucuta.co\/index.php?rest_route=%2Fwp%2Fv2%2Ftags&post=20742"}],"curies":[{"name":"wp","href":"https:\/\/api.w.org\/{rel}","templated":true}]}}