{"id":20664,"date":"2014-02-09T17:44:42","date_gmt":"2014-02-09T22:44:42","guid":{"rendered":"http:\/\/contraluzcucuta.co\/?p=20664"},"modified":"2014-02-11T06:21:04","modified_gmt":"2014-02-11T11:21:04","slug":"chavismo-acabo-con-el-central-azucarero-de-urena","status":"publish","type":"post","link":"https:\/\/contraluzcucuta.co\/?p=20664","title":{"rendered":"Chavismo acab\u00f3 con el Central Azucarero de Ure\u00f1a"},"content":{"rendered":"<p><b style=\"line-height: 1.5em;\">C\u00daCUTA.-<\/b><span style=\"line-height: 1.5em;\"> El <\/span><a style=\"line-height: 1.5em;\" href=\"http:\/\/www.maduradas.com\/expropiada-para-nada-central-azucarero-del-tachira-cazta-cierra-operaciones-por-quiebra\/\">Central Azucarero del T\u00e1chira, Cazta C.A.,<\/a><span style=\"line-height: 1.5em;\"> antiguo Central Azucarero Ure\u00f1a C.A., es un central refinador de origen franc\u00e9s, dise\u00f1ado y construido por la compa\u00f1\u00eda Fives-Lille para la Corporaci\u00f3n Venezolana de Fomento (CVF), en 1954. Su capacidad inicial de molienda diaria fue de 700 toneladas. Posteriormente, fue ampliado a 1100 toneladas. En 1978, se adquirieron equipos Hitachi-Zosen, del Jap\u00f3n, con el objeto de ampliar la capacidad a m\u00e1s de 2000 toneladas.\u00a0<\/span><\/p>\n<p>El 27 de enero de 1994, el Fondo de Inversiones de Venezuela (FIV), adelant\u00f3 el acto p\u00fablico de calificaci\u00f3n de los inversionistas licitantes en el proceso de privatizaci\u00f3n del Central Azucarero Ure\u00f1a C.A., en la modalidad de activos en operaci\u00f3n v\u00eda licitaci\u00f3n p\u00fablica internacional. El proceso de privatizaci\u00f3n del Central Azucarero Ure\u00f1a C.A., se anunci\u00f3 entre 1991 y 1993, cuando se privatizaron los centrales, propiedad del estado venezolano, Tocuyo, Cumanacoa, R\u00edo Yaracuy, Tacarigua y las Majaguas.<\/p>\n<p>El proceso de privatizaci\u00f3n y la reapertura del registro de los interesados iniciaron en 1993. Se precalificaron siete firmas y, paralelamente, el FIV lleva a cabo el proceso de reestructuraci\u00f3n, que incluye saneamiento contable y pago de deudas y de pasivos de origen nacional. De los grupos precalificados, dos presentaron ofertas. Gan\u00f3 la Sociedad de Comercializaci\u00f3n Internacional de Az\u00facares y Mieles S.A. (Ciamsa).\u00a0El grupo inversionista Ciamsa se consider\u00f3 inversionista nacional, seg\u00fan lo establece la decisi\u00f3n 291 del Acuerdo de Cartagena.<\/p>\n<p>El 25 de febrero de 1994, se firm\u00f3 el contrato de compraventa que contempla una distribuci\u00f3n del capital accionario del 60 % para el inversionista privado, 20 % para los trabajadores y 20 % para los ca\u00f1icultores. El 2 de marzo de 1994 se dio inicio a la operaci\u00f3n de Cazta C.A.<\/p>\n<p>La molienda comenz\u00f3 con ca\u00f1as provenientes de ambos lados de la frontera, 70 % venezolano y 30 % colombiano, que son exportados por la Cooperativa de Ca\u00f1icultores del Valle del Rio Zulia (Coopeca\u00f1a Ltda.).<\/p>\n<p>Coopeca\u00f1a fue constituida con el objeto de brindar apoyo social, econ\u00f3mico y cultural a los asociados y a la regi\u00f3n, mediante el fomento del cultivo de la ca\u00f1a de az\u00facar, sus derivados y el aprovechamiento de productos agropecuarios. Inici\u00f3 con 64 hect\u00e1reas de ca\u00f1a de az\u00facar y lleg\u00f3 a tener 1000 hect\u00e1reas. La producci\u00f3n era comercializada hacia Cazta, \u00fanico comprador, para ser procesada y convertida en az\u00facar.<\/p>\n<p>Antes de Cazta, con el nombre de Central Azucarero de Ure\u00f1a C.A., del lado colombiano exportaron, primero Agrozulia y posteriormente Ca\u00f1icultores de Norte de Santander.<\/p>\n<p>En mayo de 2010, el central azucarero fue expropiado a los due\u00f1os, Ciamsa, y tom\u00f3 el control el gobierno bolivariano de Venezuela. La empresa ten\u00eda una medida de ocupaci\u00f3n temporal desde octubre del a\u00f1o anterior.<\/p>\n<p>V\u00edctor Jes\u00fas Reyes, presidente de la Corporaci\u00f3n Venezolana Agraria (CVA Az\u00facar), inform\u00f3 que se tom\u00f3 el control del Central Azucarero de Ure\u00f1a, estado T\u00e1chira, luego de la publicaci\u00f3n del decreto de expropiaci\u00f3n difundido en la Gaceta Oficial, el 28 de abril de 2010.<\/p>\n<p>Desde octubre del 2009, se ten\u00eda ocupaci\u00f3n temporal de la f\u00e1brica. La expropiaci\u00f3n se adelant\u00f3 porque &#8220;es un Central ubicado en una zona estrat\u00e9gica del pa\u00eds, la zona fronteriza&#8221;. El Estado retom\u00f3 la pol\u00edtica de soberan\u00eda alimentaria.<\/p>\n<p>El central funcionaba regularmente. Gran porcentaje de la ca\u00f1a que procesaban proven\u00eda de Colombia, otro motivo para que el Ejecutivo decretara la medida.<\/p>\n<p>Al nacionalizarse Cazta, los representantes, encabezados por Edgar Palacio Pel\u00e1ez, huyeron para Colombia al ser amenazados y\u00a0no efectuaron trasferencia de propiedad, ni esperaron pago de bienes. No se ha efectuado la tradici\u00f3n legal de la propiedad.\u00a0Al afianzarse el chavismo en el poder, comenz\u00f3 el declive del Central por las malas administraciones de Ana Lameda y Jos\u00e9 Luis Rodr\u00edguez hasta llegar a la quiebra, estado actual.<\/p>\n<p>Las medidas del gobierno venezolano afectaron a Coopeca\u00f1a Ltda. Y la llevaron a la crisis econ\u00f3mica y social, y disminuyeron las hect\u00e1reas cultivadas de ca\u00f1a de az\u00facar en la zona. En el \u00faltimo a\u00f1o (2013), la exportaci\u00f3n lleg\u00f3 a una cantidad \u00ednfima comparada con los topes del 2006 al 2008.<\/p>\n<p><b>EDGAR HERN\u00c1N FUENTES<\/b><\/p>\n<p><b>Gerente de Coopeca\u00f1a del 2005 al 2011<\/b><\/p>\n<p><b>\u00a0<\/b> <\/p>\n","protected":false},"excerpt":{"rendered":"<p>C\u00daCUTA.- El Central Azucarero del T\u00e1chira, Cazta C.A., antiguo Central Azucarero Ure\u00f1a C.A., es un central refinador de origen franc\u00e9s, dise\u00f1ado y construido por la compa\u00f1\u00eda Fives-Lille para la Corporaci\u00f3n Venezolana de Fomento (CVF), en 1954. Su capacidad inicial de molienda diaria fue de 700 toneladas. Posteriormente, fue ampliado a 1100 toneladas. En 1978, se &hellip;<\/p>\n","protected":false},"author":1,"featured_media":20665,"comment_status":"open","ping_status":"open","sticky":false,"template":"","format":"standard","meta":{"footnotes":""},"categories":[39,32],"tags":[],"class_list":["post-20664","post","type-post","status-publish","format-standard","has-post-thumbnail","hentry","category-miradas-ajenas","category-recorrido-por-la-region"],"_links":{"self":[{"href":"https:\/\/contraluzcucuta.co\/index.php?rest_route=\/wp\/v2\/posts\/20664","targetHints":{"allow":["GET"]}}],"collection":[{"href":"https:\/\/contraluzcucuta.co\/index.php?rest_route=\/wp\/v2\/posts"}],"about":[{"href":"https:\/\/contraluzcucuta.co\/index.php?rest_route=\/wp\/v2\/types\/post"}],"author":[{"embeddable":true,"href":"https:\/\/contraluzcucuta.co\/index.php?rest_route=\/wp\/v2\/users\/1"}],"replies":[{"embeddable":true,"href":"https:\/\/contraluzcucuta.co\/index.php?rest_route=%2Fwp%2Fv2%2Fcomments&post=20664"}],"version-history":[{"count":1,"href":"https:\/\/contraluzcucuta.co\/index.php?rest_route=\/wp\/v2\/posts\/20664\/revisions"}],"predecessor-version":[{"id":20666,"href":"https:\/\/contraluzcucuta.co\/index.php?rest_route=\/wp\/v2\/posts\/20664\/revisions\/20666"}],"wp:featuredmedia":[{"embeddable":true,"href":"https:\/\/contraluzcucuta.co\/index.php?rest_route=\/wp\/v2\/media\/20665"}],"wp:attachment":[{"href":"https:\/\/contraluzcucuta.co\/index.php?rest_route=%2Fwp%2Fv2%2Fmedia&parent=20664"}],"wp:term":[{"taxonomy":"category","embeddable":true,"href":"https:\/\/contraluzcucuta.co\/index.php?rest_route=%2Fwp%2Fv2%2Fcategories&post=20664"},{"taxonomy":"post_tag","embeddable":true,"href":"https:\/\/contraluzcucuta.co\/index.php?rest_route=%2Fwp%2Fv2%2Ftags&post=20664"}],"curies":[{"name":"wp","href":"https:\/\/api.w.org\/{rel}","templated":true}]}}