{"id":20659,"date":"2014-02-09T16:55:30","date_gmt":"2014-02-09T21:55:30","guid":{"rendered":"http:\/\/contraluzcucuta.co\/?p=20659"},"modified":"2014-02-10T21:18:11","modified_gmt":"2014-02-11T02:18:11","slug":"diocesis-de-cucuta-no-apoya-candidatos-al-congreso","status":"publish","type":"post","link":"https:\/\/contraluzcucuta.co\/?p=20659","title":{"rendered":"Di\u00f3cesis de C\u00facuta no apoya candidatos al Congreso"},"content":{"rendered":"<p><b style=\"line-height: 1.5em;\">C\u00daCUTA.-<\/b><span style=\"line-height: 1.5em;\"> La Di\u00f3cesis de C\u00facuta no tiene, ni apoya ning\u00fan candidato ni partido pol\u00edtico para las elecciones del Congreso de la Rep\u00fablica, el 9 de marzo. La declaraci\u00f3n la hizo monse\u00f1or Julio C\u00e9sar Vidal Ortiz, obispo de C\u00facuta.<\/span><\/p>\n<p>La posici\u00f3n de la Iglesia Cat\u00f3lica est\u00e1 en contrav\u00eda de la actitud asumida por el pastor Satirio Dos Santos, del Centro Cristiano, quien en un v\u00eddeo distribuido por las redes sociales invita a votar por dos candidatos del partido de la U.<\/p>\n<p>En las orientaciones pastorales impartidas ante el contexto de los comicios, \u00a0la Iglesia, dirigida a velar porque los procesos democr\u00e1ticos se fundamenten en la equidad, el respeto por la persona y la b\u00fasqueda incansable del bien com\u00fan, declara:<\/p>\n<p>1.- En raz\u00f3n de nuestra identidad pastoral y evangelizadora, la Di\u00f3cesis de C\u00facuta no tiene, ni apoya ning\u00fan candidato ni partido pol\u00edtico.<\/p>\n<p>2.- Por este motivo, ning\u00fan sacerdote a nombre de la Di\u00f3cesis est\u00e1 autorizado para adelantar proselitismo pol\u00edtico a favor o en contra de ning\u00fan candidato a la C\u00e1mara, Senado y Parlamento Andino 2014.<\/p>\n<p>3.- La Di\u00f3cesis de C\u00facuta anima a todos los bautizados a ejercer su derecho al voto, a conocer las diferentes propuestas y programas de gobierno de los candidatos a la C\u00e1mara y Parlamento Andino y a elegir en conciencia los candidatos m\u00e1s id\u00f3neos para ejercer estos cargos p\u00fablicos.<\/p>\n<p>4.- La pol\u00edtica, tan denigrada, por el fraude, la injusticia, la corrupci\u00f3n, el incumplimiento de las propuestas pol\u00edticas, es una alt\u00edsima vocaci\u00f3n, es una de las formas m\u00e1s preciosas de la caridad, porque busca el bien com\u00fan (Evangelii Gaudium n. 205).<\/p>\n<p>5.- Que los que ejercen el dign\u00edsimo oficio de la pol\u00edtica no compren votos, ni enga\u00f1en a los ciudadanos con falsas promesas; esto corrompe la pol\u00edtica y hace perder la esperanza al pueblo.<\/p>\n<p>6.- Los candidatos deben adelantar una campa\u00f1a trasparente, honesta y con respeto, que contribuya a la consecuci\u00f3n de la paz y a la construcci\u00f3n de escenarios de reconciliaci\u00f3n y convivencia para nuestra naci\u00f3n.<\/p>\n<p>7.- Como lo ha expresado en ocasiones anteriores la Conferencia Episcopal de Colombia: \u201cEl pluralismo que garantiza el ejercicio democr\u00e1tico lleva consigo necesariamente una din\u00e1mica de competencia que pone en juego propuestas pol\u00edticas y econ\u00f3micas diversas, que abren horizontes emotivos en los que existen simpat\u00edas o antipat\u00edas, pero que en \u00faltimo t\u00e9rmino ha de llevar a la construcci\u00f3n del bien com\u00fan. No puede existir una democracia sin diferencias, pero todos deben guardar el respeto por el adversario, que no es enemigo y en el reconocimiento de sus diferencias deben buscar el camino m\u00e1s apropiado para construir la Naci\u00f3n\u201d.<\/p>\n<p>8.- Pido a Dios, Se\u00f1or de la historia, que crezca el n\u00famero de pol\u00edticos capaces de entrar en un aut\u00e9ntico di\u00e1logo que se oriente eficazmente a sanar las ra\u00edces profundas y no la apariencia de los males de nuestro mundo y que se comprometan en la construcci\u00f3n de la paz. (Evangelii Gaudium n. 205).<\/p>\n<p>&nbsp; <\/p>\n","protected":false},"excerpt":{"rendered":"<p>C\u00daCUTA.- La Di\u00f3cesis de C\u00facuta no tiene, ni apoya ning\u00fan candidato ni partido pol\u00edtico para las elecciones del Congreso de la Rep\u00fablica, el 9 de marzo. La declaraci\u00f3n la hizo monse\u00f1or Julio C\u00e9sar Vidal Ortiz, obispo de C\u00facuta. La posici\u00f3n de la Iglesia Cat\u00f3lica est\u00e1 en contrav\u00eda de la actitud asumida por el pastor Satirio &hellip;<\/p>\n","protected":false},"author":1,"featured_media":20661,"comment_status":"open","ping_status":"open","sticky":false,"template":"","format":"standard","meta":{"footnotes":""},"categories":[6,9],"tags":[8,191],"class_list":["post-20659","post","type-post","status-publish","format-standard","has-post-thumbnail","hentry","category-ojo-avizor","category-politica","tag-diocesis-de-cucuta","tag-monsenor-julio-cesar-vidal"],"_links":{"self":[{"href":"https:\/\/contraluzcucuta.co\/index.php?rest_route=\/wp\/v2\/posts\/20659","targetHints":{"allow":["GET"]}}],"collection":[{"href":"https:\/\/contraluzcucuta.co\/index.php?rest_route=\/wp\/v2\/posts"}],"about":[{"href":"https:\/\/contraluzcucuta.co\/index.php?rest_route=\/wp\/v2\/types\/post"}],"author":[{"embeddable":true,"href":"https:\/\/contraluzcucuta.co\/index.php?rest_route=\/wp\/v2\/users\/1"}],"replies":[{"embeddable":true,"href":"https:\/\/contraluzcucuta.co\/index.php?rest_route=%2Fwp%2Fv2%2Fcomments&post=20659"}],"version-history":[{"count":1,"href":"https:\/\/contraluzcucuta.co\/index.php?rest_route=\/wp\/v2\/posts\/20659\/revisions"}],"predecessor-version":[{"id":20662,"href":"https:\/\/contraluzcucuta.co\/index.php?rest_route=\/wp\/v2\/posts\/20659\/revisions\/20662"}],"wp:featuredmedia":[{"embeddable":true,"href":"https:\/\/contraluzcucuta.co\/index.php?rest_route=\/wp\/v2\/media\/20661"}],"wp:attachment":[{"href":"https:\/\/contraluzcucuta.co\/index.php?rest_route=%2Fwp%2Fv2%2Fmedia&parent=20659"}],"wp:term":[{"taxonomy":"category","embeddable":true,"href":"https:\/\/contraluzcucuta.co\/index.php?rest_route=%2Fwp%2Fv2%2Fcategories&post=20659"},{"taxonomy":"post_tag","embeddable":true,"href":"https:\/\/contraluzcucuta.co\/index.php?rest_route=%2Fwp%2Fv2%2Ftags&post=20659"}],"curies":[{"name":"wp","href":"https:\/\/api.w.org\/{rel}","templated":true}]}}