{"id":20656,"date":"2014-02-09T16:14:49","date_gmt":"2014-02-09T21:14:49","guid":{"rendered":"http:\/\/contraluzcucuta.co\/?p=20656"},"modified":"2014-02-10T21:19:12","modified_gmt":"2014-02-11T02:19:12","slug":"en-la-frontera-llego-la-hora-de-la-union","status":"publish","type":"post","link":"https:\/\/contraluzcucuta.co\/?p=20656","title":{"rendered":"En la frontera lleg\u00f3 la hora de la uni\u00f3n"},"content":{"rendered":"<p><span style=\"line-height: 1.5em;\">1.- Ante la trascendencia y magnitud de los hechos que confluyen sobre la zona fronteriza y se proyectan hacia sus pobladores cabe esperar que la reacci\u00f3n inteligente, consecuente y necesaria sea la convocatoria a la uni\u00f3n y la tarea analizada y concertada que propugne por el cambio y trasformaci\u00f3n de actitudes y conductas hacia vivencias y hechos edificantes, productivos y de amplio beneficio general.<\/span><\/p>\n<p>S\u00ed, el momento socioecon\u00f3mico y pol\u00edtico que experimenta todo lo que define, determina o est\u00e1 inmerso en estas fajas territoriales, hoy ubicadas ante el dilema de una subsistencia deplorable o un porvenir m\u00e1s estable y seguro, exige la concurrencia y la participaci\u00f3n de los verdaderos actores de lo que acontece para que se eval\u00faen alternativas y opciones que lleguen al meollo o esencia para que se puedan precisar las acciones y pasos que permitan\u00a0 obrar con claridad y pleno entendimiento, sobre lo que se busca y debe apuntalarse.<\/p>\n<p>Una simple y emocional algarab\u00eda sobre determinadas materias que incidan en los precios y demandas de productos no es la soluci\u00f3n. Lo que se necesita, y con verdadero apremio, pero siempre obrando juiciosa y anal\u00edticamente, es la presencia real y efectiva de las ramas Ejecutiva y Legislativa, del poder p\u00fablico para que mediante normas, procedimientos y regulaciones, que a su vez den origen a mecanismos descentralizantes y a una mayor representatividad regional, puedan voceros y dirigentes de estas colindancias proceder, como lo exigen sus condiciones y caracter\u00edsticas, o sea, hacia dentro y hacia afuera, por la bilateralidad y hasta mancomunidad que toda frontera en sus desarrollos estimula y conforma.<\/p>\n<p>Olvidar esa doble visi\u00f3n ser\u00eda tanto como conformar un muro divisorio y alegar la desaparici\u00f3n de intercambios, interrelaciones y lateralidades. Y seguir vendiendo al por menor, sin impulsar el desarrollo industrial y aprovechar las ventajas comparativas y de ubicaci\u00f3n para gestiones regionales, nacionales e internacionales compartidas, mediante Parques Industriales y Tecnol\u00f3gicos, Zonas Francas, etc\u00e9tera.<\/p>\n<p>2- Porque la frontera es una zona territorial especial, que por su tipicidad y modus vivendi requiere de un tratamiento acorde con los actos y las acciones que diariamente se producen en el territorio, es apenas elemental y obvio que los estados deben tener en cuenta las circunstancias que las definen y proyectan, apoyando todo aquello que sirva y facilite los prospectos de entendimientos e integraci\u00f3n que pregona y exalta la historia com\u00fan. Y que dinamicen, proyecten y den funci\u00f3n revitalizadora a su gente.<\/p>\n<p>&nbsp;<\/p>\n<p>3.- Atender lo prioritario es aludir a la infraestructura b\u00e1sica vial y de servicios, as\u00ed como a todo lo atinente con educaci\u00f3n, salud, vivienda, capacitaci\u00f3n, investigaci\u00f3n, innovaci\u00f3n, inversi\u00f3n\u00a0 y\u00a0 generaci\u00f3n de empleos, porque por muchos a\u00f1os \u2013quiz\u00e1 desde la Conquista y la Colonia \u2013estas \u00e1reas de doble presencia no han sido atendidas, ni habilitadas, para\u00a0 esa gran misi\u00f3n, como es la conformaci\u00f3n de empe\u00f1os y prerrogativas conjuntas-m\u00e1s all\u00e1 de los limites- y para el provecho y el favorecimiento de las naciones que conforman sus lineamientos y colindancias.<\/p>\n<p>S\u00ed, las fronteras tienen que recibir el justo y adecuado respaldo y apoyo que necesitan, como nudos articulares de uni\u00f3n e integraci\u00f3n.<\/p>\n<p><b>JOS\u00c9 NEIRA REY<\/b><\/p>\n<p><b><a href=\"mailto:jneirarey@hotmail.com\">jneirarey@hotmail.com<\/a><\/b><\/p>\n<p><b>Notas al margen<\/b><\/p>\n<p>&nbsp; <\/p>\n","protected":false},"excerpt":{"rendered":"<p>1.- Ante la trascendencia y magnitud de los hechos que confluyen sobre la zona fronteriza y se proyectan hacia sus pobladores cabe esperar que la reacci\u00f3n inteligente, consecuente y necesaria sea la convocatoria a la uni\u00f3n y la tarea analizada y concertada que propugne por el cambio y trasformaci\u00f3n de actitudes y conductas hacia vivencias &hellip;<\/p>\n","protected":false},"author":1,"featured_media":20657,"comment_status":"open","ping_status":"open","sticky":false,"template":"","format":"standard","meta":{"footnotes":""},"categories":[14,32],"tags":[303,956],"class_list":["post-20656","post","type-post","status-publish","format-standard","has-post-thumbnail","hentry","category-articulistas","category-recorrido-por-la-region","tag-jose-neira-rey","tag-notas-al-margen"],"_links":{"self":[{"href":"https:\/\/contraluzcucuta.co\/index.php?rest_route=\/wp\/v2\/posts\/20656","targetHints":{"allow":["GET"]}}],"collection":[{"href":"https:\/\/contraluzcucuta.co\/index.php?rest_route=\/wp\/v2\/posts"}],"about":[{"href":"https:\/\/contraluzcucuta.co\/index.php?rest_route=\/wp\/v2\/types\/post"}],"author":[{"embeddable":true,"href":"https:\/\/contraluzcucuta.co\/index.php?rest_route=\/wp\/v2\/users\/1"}],"replies":[{"embeddable":true,"href":"https:\/\/contraluzcucuta.co\/index.php?rest_route=%2Fwp%2Fv2%2Fcomments&post=20656"}],"version-history":[{"count":1,"href":"https:\/\/contraluzcucuta.co\/index.php?rest_route=\/wp\/v2\/posts\/20656\/revisions"}],"predecessor-version":[{"id":20658,"href":"https:\/\/contraluzcucuta.co\/index.php?rest_route=\/wp\/v2\/posts\/20656\/revisions\/20658"}],"wp:featuredmedia":[{"embeddable":true,"href":"https:\/\/contraluzcucuta.co\/index.php?rest_route=\/wp\/v2\/media\/20657"}],"wp:attachment":[{"href":"https:\/\/contraluzcucuta.co\/index.php?rest_route=%2Fwp%2Fv2%2Fmedia&parent=20656"}],"wp:term":[{"taxonomy":"category","embeddable":true,"href":"https:\/\/contraluzcucuta.co\/index.php?rest_route=%2Fwp%2Fv2%2Fcategories&post=20656"},{"taxonomy":"post_tag","embeddable":true,"href":"https:\/\/contraluzcucuta.co\/index.php?rest_route=%2Fwp%2Fv2%2Ftags&post=20656"}],"curies":[{"name":"wp","href":"https:\/\/api.w.org\/{rel}","templated":true}]}}