{"id":20653,"date":"2014-02-09T15:59:01","date_gmt":"2014-02-09T20:59:01","guid":{"rendered":"http:\/\/contraluzcucuta.co\/?p=20653"},"modified":"2014-02-09T19:34:18","modified_gmt":"2014-02-10T00:34:18","slug":"hoy-periodistas-cucutenos-celebran-su-dia","status":"publish","type":"post","link":"https:\/\/contraluzcucuta.co\/?p=20653","title":{"rendered":"Hoy, periodistas cucute\u00f1os celebran su d\u00eda"},"content":{"rendered":"<p><b style=\"line-height: 1.5em;\">C\u00daCUTA.-<\/b><span style=\"line-height: 1.5em;\"> Ayer, 9 de febrero, se celebr\u00f3 en Colombia el D\u00eda Nacional del Periodista. En consecuencia, el C\u00edrculo de Periodistas y Comunicadores de Norte de Santander prepar\u00f3 para este lunes una programaci\u00f3n acad\u00e9mica especial, que comenzar\u00e1 a las 8:30 de la ma\u00f1ana. La reuni\u00f3n ser\u00e1 en la biblioteca p\u00fablica Julio P\u00e9rez Ferrero.<\/span><\/p>\n<p><b>PROGRAMACION <\/b><\/p>\n<p>8:30 a.m. Instalaci\u00f3n a cargo del gobernador \u00c9dgar D\u00edaz Contreras, el alcalde \u00a0Donamaris Ram\u00edrez y el presidente del C\u00edrculo de Periodistas, V\u00edctor Hern\u00e1ndez Fonseca.<\/p>\n<p>Palabras de bienvenida a cargo de Cicer\u00f3n Fl\u00f3rez Moya, premio nacional de periodismo Sim\u00f3n Bol\u00edvar.<\/p>\n<p>9.00 a.m. Conferencia a cargo de Jonathan Bock, coordinador nacional de la Fundaci\u00f3n para la Libertad de Prensa en Colombia (Flip).<\/p>\n<p>Tema: Informe sobre la libertad de prensa en Colombia.<\/p>\n<p>10:30 a.m. Refrigerio.<\/p>\n<p>10:45 a.m. Intervenci\u00f3n de Carlos Ceballos, alcalde de San Crist\u00f3bal (Venezuela), acompa\u00f1ado por voceros de gremios de C\u00facuta.<\/p>\n<p>Tema: situaci\u00f3n fronteriza.<\/p>\n<p>12:30 p.m. Almuerzo de compa\u00f1eros.<\/p>\n<p>2:00 p.m. Visi\u00f3n del periodismo en la cultura, a cargo \u00a0del licenciado Ignacio C\u00e1ceres.<\/p>\n<p>3:00 p.m. Disertaci\u00f3n de Juan Diego Restrepo, decano de la facultad de Comunicaci\u00f3n Social de la Universidad de Antioquia.<\/p>\n<p>Tema: Periodismo y periodistas en los procesos electorales.<\/p>\n<p>4:30 p.m. Clausura a cargo del gobernador \u00c9dgar D\u00edaz, quien ofrece un c\u00f3ctel a los invitados especiales, periodistas y comunicadores.<\/p>\n<p>&nbsp; <\/p>\n","protected":false},"excerpt":{"rendered":"<p>C\u00daCUTA.- Ayer, 9 de febrero, se celebr\u00f3 en Colombia el D\u00eda Nacional del Periodista. En consecuencia, el C\u00edrculo de Periodistas y Comunicadores de Norte de Santander prepar\u00f3 para este lunes una programaci\u00f3n acad\u00e9mica especial, que comenzar\u00e1 a las 8:30 de la ma\u00f1ana. La reuni\u00f3n ser\u00e1 en la biblioteca p\u00fablica Julio P\u00e9rez Ferrero. PROGRAMACION 8:30 a.m. &hellip;<\/p>\n","protected":false},"author":1,"featured_media":20654,"comment_status":"open","ping_status":"open","sticky":false,"template":"","format":"standard","meta":{"footnotes":""},"categories":[4,37],"tags":[1128],"class_list":["post-20653","post","type-post","status-publish","format-standard","has-post-thumbnail","hentry","category-barra","category-paseo-cultural","tag-dia-nacional-del-periodista"],"_links":{"self":[{"href":"https:\/\/contraluzcucuta.co\/index.php?rest_route=\/wp\/v2\/posts\/20653","targetHints":{"allow":["GET"]}}],"collection":[{"href":"https:\/\/contraluzcucuta.co\/index.php?rest_route=\/wp\/v2\/posts"}],"about":[{"href":"https:\/\/contraluzcucuta.co\/index.php?rest_route=\/wp\/v2\/types\/post"}],"author":[{"embeddable":true,"href":"https:\/\/contraluzcucuta.co\/index.php?rest_route=\/wp\/v2\/users\/1"}],"replies":[{"embeddable":true,"href":"https:\/\/contraluzcucuta.co\/index.php?rest_route=%2Fwp%2Fv2%2Fcomments&post=20653"}],"version-history":[{"count":1,"href":"https:\/\/contraluzcucuta.co\/index.php?rest_route=\/wp\/v2\/posts\/20653\/revisions"}],"predecessor-version":[{"id":20655,"href":"https:\/\/contraluzcucuta.co\/index.php?rest_route=\/wp\/v2\/posts\/20653\/revisions\/20655"}],"wp:featuredmedia":[{"embeddable":true,"href":"https:\/\/contraluzcucuta.co\/index.php?rest_route=\/wp\/v2\/media\/20654"}],"wp:attachment":[{"href":"https:\/\/contraluzcucuta.co\/index.php?rest_route=%2Fwp%2Fv2%2Fmedia&parent=20653"}],"wp:term":[{"taxonomy":"category","embeddable":true,"href":"https:\/\/contraluzcucuta.co\/index.php?rest_route=%2Fwp%2Fv2%2Fcategories&post=20653"},{"taxonomy":"post_tag","embeddable":true,"href":"https:\/\/contraluzcucuta.co\/index.php?rest_route=%2Fwp%2Fv2%2Ftags&post=20653"}],"curies":[{"name":"wp","href":"https:\/\/api.w.org\/{rel}","templated":true}]}}