{"id":20642,"date":"2014-02-06T22:36:37","date_gmt":"2014-02-07T03:36:37","guid":{"rendered":"http:\/\/contraluzcucuta.co\/?p=20642"},"modified":"2014-02-06T22:36:37","modified_gmt":"2014-02-07T03:36:37","slug":"cucutenos-marcharan-contra-el-reclutamiento-forzado","status":"publish","type":"post","link":"https:\/\/contraluzcucuta.co\/?p=20642","title":{"rendered":"Cucute\u00f1os marchar\u00e1n contra el reclutamiento forzado"},"content":{"rendered":"<p><b style=\"line-height: 1.5em;\">C\u00daCUTA.-<\/b><span style=\"line-height: 1.5em;\"> Desde 1999, en Colombia han sido reclutados a la fuerza 20.000 ni\u00f1os por los grupos al margen de la ley para vincularlos al conflicto armado. En Norte de Santander no existen datos exactos que permitan establecer el panorama de la poblaci\u00f3n infantil por la falta de denuncias por parte de las familias afectadas.<\/span><\/p>\n<p>El 12 de febrero, se conmemora el D\u00eda internacional de la lucha contra el reclutamiento forzado. Para esa ocasi\u00f3n la Gobernaci\u00f3n y la Agencia Colombiana para la Reintegraci\u00f3n (ACR) a una marcha por las calles cucute\u00f1as. El fin es repudiar este delito que viola los derechos humanos de los ni\u00f1os.<\/p>\n<p>La caminata partir\u00e1 de la Alcald\u00eda de C\u00facuta, en la calle 11, y llegar\u00e1 al parque Los Fundadores (Telecom). El inicio de la actividad est\u00e1 previsto para las 8:00 de la ma\u00f1ana. Participar\u00e1n 100 ni\u00f1os entre 8 y 10 a\u00f1os, y estudiantes de los grados 9, 10 y 11 de las instituciones educativas locales.<\/p>\n<p>El objetivo es vincular a los j\u00f3venes\u00a0 para que manifiesten por medio de pancartas y arengas el repudio a esta pr\u00e1ctica ilegal. A la fecha se han reintegrado 2700 ni\u00f1os, de los cuales 50 han ingresado al proceso en el departamento.<\/p>\n<p>La falta de estad\u00edsticas regionales se debe a que solo hasta cuando un ni\u00f1o es reinsertado a la vida civil las autoridades judiciales conocen el caso, porque las familias no denuncian.<\/p>\n<p>La Gobernaci\u00f3n y las alcald\u00edas han trabajado para erradicar el reclutamiento forzado y han llevado a cada\u00a0 municipio material informativo y capacitaciones sobre las incidencias de este delito.<\/p>\n<p>Ante cualquier indicio de reclutamiento, la comunidad o padres de familia, podr\u00e1n acercarse a las Comisar\u00edas de Familia, Personer\u00edas, Estaciones de Polic\u00eda, Comandos del Ej\u00e9rcito o Alcald\u00edas para informar acerca de esta acci\u00f3n violenta y de esta manera proceder de la manera adecuada.<\/p>\n<p>A la marcha se vincularon la Alcald\u00eda de C\u00facuta, el Instituto Colombiano de Bienestar Familiar (ICBF), el Sena, el Ej\u00e9rcito y la Polic\u00eda.<\/p>\n<p>\u201cLe hacemos un llamado a la comunidad\u00a0 nortesantandereana para que haga parte de esta actividad y proteste contra los grupos al margen de la ley. Estamos cansados de que nuestros ni\u00f1os sean arrebatados del seno de las familias\u201d, dijo Nohora Oliveros, secretaria de Gobierno. <\/p>\n","protected":false},"excerpt":{"rendered":"<p>C\u00daCUTA.- Desde 1999, en Colombia han sido reclutados a la fuerza 20.000 ni\u00f1os por los grupos al margen de la ley para vincularlos al conflicto armado. En Norte de Santander no existen datos exactos que permitan establecer el panorama de la poblaci\u00f3n infantil por la falta de denuncias por parte de las familias afectadas. El &hellip;<\/p>\n","protected":false},"author":1,"featured_media":20644,"comment_status":"open","ping_status":"open","sticky":false,"template":"","format":"standard","meta":{"footnotes":""},"categories":[541,4],"tags":[1126],"class_list":["post-20642","post","type-post","status-publish","format-standard","has-post-thumbnail","hentry","category-ciudad","category-barra","tag-reclutamiento-forzado"],"_links":{"self":[{"href":"https:\/\/contraluzcucuta.co\/index.php?rest_route=\/wp\/v2\/posts\/20642","targetHints":{"allow":["GET"]}}],"collection":[{"href":"https:\/\/contraluzcucuta.co\/index.php?rest_route=\/wp\/v2\/posts"}],"about":[{"href":"https:\/\/contraluzcucuta.co\/index.php?rest_route=\/wp\/v2\/types\/post"}],"author":[{"embeddable":true,"href":"https:\/\/contraluzcucuta.co\/index.php?rest_route=\/wp\/v2\/users\/1"}],"replies":[{"embeddable":true,"href":"https:\/\/contraluzcucuta.co\/index.php?rest_route=%2Fwp%2Fv2%2Fcomments&post=20642"}],"version-history":[{"count":1,"href":"https:\/\/contraluzcucuta.co\/index.php?rest_route=\/wp\/v2\/posts\/20642\/revisions"}],"predecessor-version":[{"id":20645,"href":"https:\/\/contraluzcucuta.co\/index.php?rest_route=\/wp\/v2\/posts\/20642\/revisions\/20645"}],"wp:featuredmedia":[{"embeddable":true,"href":"https:\/\/contraluzcucuta.co\/index.php?rest_route=\/wp\/v2\/media\/20644"}],"wp:attachment":[{"href":"https:\/\/contraluzcucuta.co\/index.php?rest_route=%2Fwp%2Fv2%2Fmedia&parent=20642"}],"wp:term":[{"taxonomy":"category","embeddable":true,"href":"https:\/\/contraluzcucuta.co\/index.php?rest_route=%2Fwp%2Fv2%2Fcategories&post=20642"},{"taxonomy":"post_tag","embeddable":true,"href":"https:\/\/contraluzcucuta.co\/index.php?rest_route=%2Fwp%2Fv2%2Ftags&post=20642"}],"curies":[{"name":"wp","href":"https:\/\/api.w.org\/{rel}","templated":true}]}}