{"id":20639,"date":"2014-02-06T21:56:10","date_gmt":"2014-02-07T02:56:10","guid":{"rendered":"http:\/\/contraluzcucuta.co\/?p=20639"},"modified":"2014-02-09T20:00:59","modified_gmt":"2014-02-10T01:00:59","slug":"empresarios-se-unen-por-la-educacion-de-norte-de-santander","status":"publish","type":"post","link":"https:\/\/contraluzcucuta.co\/?p=20639","title":{"rendered":"Empresarios se unen por la educaci\u00f3n de Norte de Santander"},"content":{"rendered":"<p><b style=\"line-height: 1.5em;\">C\u00daCUTA.-<\/b><span style=\"line-height: 1.5em;\"> La fundaci\u00f3n Empresarios por la Educaci\u00f3n (ExE) abri\u00f3 el cap\u00edtulo 12 en Norte de Santander, luego de 12 a\u00f1os de trabajo en el pa\u00eds. El objetivo es incidir en la educaci\u00f3n de ni\u00f1os y j\u00f3venes con programas de articulaci\u00f3n p\u00fablico-privada para impactar en la calidad.<\/span><\/p>\n<p>La iniciativa empresarial trabaja por el mejoramiento de la ense\u00f1anza, por incidir en la pol\u00edtica p\u00fablica y por movilizar a la sociedad para generar mayor comprensi\u00f3n sobre el valor y la importancia de unir esfuerzos privados y oficiales.<\/p>\n<p>La fundaci\u00f3n trabaja en Antioquia, Atl\u00e1ntico, Bogot\u00e1, Bol\u00edvar, Caldas, Cauca, Cundinamarca, Quind\u00edo, Risaralda, Santander y Valle del Cauca. La ExE llega a C\u00facuta como parte del movimiento social y empresarial quiere hacer d ela educaci\u00f3n una prioridad.<\/p>\n<p>El inter\u00e9s del cap\u00edtulo Norte de Santander es acompa\u00f1ar la gesti\u00f3n de alcaldes y gobernadores con dos programas:<\/p>\n<p>1.- \u2018F\u00e9lix y Susana\u2019, que invita al reconocimiento y cuidado del cuerpo<\/p>\n<p>2.- l\u00edderes Siglo XXI, en el que el sector empresarial se convierte en mentor de lo que ocurre en los colegios.<\/p>\n<p>M\u00e1s adelante, las iniciativas se llevar\u00e1n a la formaci\u00f3n de docentes y directivos para mejorar los ambientes de aprendizaje y fortalecimiento de las competencias en lenguas extranjeras.<\/p>\n<p>La gerencia de Empresarios por la Educaci\u00f3n, en C\u00facuta, estar\u00e1 a cargo de Claritza Ferrer, profesional en negocios internacionales y especialista en gerencia estrat\u00e9gica, egresada de la Universidad de la Sabana. Tendr\u00e1 la sede en la C\u00e1mara de Comercio y contar\u00e1 con un comit\u00e9 ejecutivo conformado por directivos de empresas de la regi\u00f3n.<\/p>\n<p><b>REACCIONES<\/b><\/p>\n<p><b>Mar\u00eda Victoria Angulo, directora ejecutiva de ExE<\/b><\/p>\n<p>\u00bfCu\u00e1l es la expectativa que tienen para Norte de Santander con el programa?<\/p>\n<p>Primero, crear una agenda de trabajo con las secretar\u00edas de Educaci\u00f3n del municipio y del departamento para priorizar temas que sean claves para ser detonantes y que mejoren la calidad de la educaci\u00f3n en las \u00e1reas rural y urbana. Creemos que el trabajo con recurso humano es la clave. Entonces, est\u00e1n las puertas abiertas del sector empresarial y del Gobierno, esperar\u00edamos concretar la agenda y en seis meses aplicar los proyectos en las instituciones educativas.<\/p>\n<p><b>Miguel Gonz\u00e1lez, presidente de la C\u00e1mara de Comercio.<\/b><\/p>\n<p>\u00bfCu\u00e1l ser\u00e1 el enfoque que se le dar\u00e1 en Norte de Santander a Empresarios por la Educaci\u00f3n?<\/p>\n<p>Lo primero que vamos a hacer es un diagn\u00f3stico crudo de lo que pasa con la educaci\u00f3n en la ciudad y el departamento. M\u00e1s all\u00e1 de la cr\u00edtica queremos aportar al proceso para ver d\u00f3nde podemos tener esas iniciativas de apoyo y ayudar a sacar adelante este proyecto. Nos vamos a tomar uno o dos meses y despu\u00e9s de saber d\u00f3nde hacer la real intervenci\u00f3n de ah\u00ed en adelante vamos a proponer una serie de iniciativas articuladas con el resto del pa\u00eds.<\/p>\n<p><b>Fotos: MARCO S\u00daA<\/b><\/p>\n<p>&nbsp;<\/p>\n<p>&nbsp; <\/p>\n","protected":false},"excerpt":{"rendered":"<p>C\u00daCUTA.- La fundaci\u00f3n Empresarios por la Educaci\u00f3n (ExE) abri\u00f3 el cap\u00edtulo 12 en Norte de Santander, luego de 12 a\u00f1os de trabajo en el pa\u00eds. El objetivo es incidir en la educaci\u00f3n de ni\u00f1os y j\u00f3venes con programas de articulaci\u00f3n p\u00fablico-privada para impactar en la calidad. La iniciativa empresarial trabaja por el mejoramiento de la &hellip;<\/p>\n","protected":false},"author":1,"featured_media":20640,"comment_status":"open","ping_status":"open","sticky":false,"template":"","format":"standard","meta":{"footnotes":""},"categories":[556,32],"tags":[1125],"class_list":["post-20639","post","type-post","status-publish","format-standard","has-post-thumbnail","hentry","category-departamento","category-recorrido-por-la-region","tag-fundacion-empresarios-por-la-educacion"],"_links":{"self":[{"href":"https:\/\/contraluzcucuta.co\/index.php?rest_route=\/wp\/v2\/posts\/20639","targetHints":{"allow":["GET"]}}],"collection":[{"href":"https:\/\/contraluzcucuta.co\/index.php?rest_route=\/wp\/v2\/posts"}],"about":[{"href":"https:\/\/contraluzcucuta.co\/index.php?rest_route=\/wp\/v2\/types\/post"}],"author":[{"embeddable":true,"href":"https:\/\/contraluzcucuta.co\/index.php?rest_route=\/wp\/v2\/users\/1"}],"replies":[{"embeddable":true,"href":"https:\/\/contraluzcucuta.co\/index.php?rest_route=%2Fwp%2Fv2%2Fcomments&post=20639"}],"version-history":[{"count":1,"href":"https:\/\/contraluzcucuta.co\/index.php?rest_route=\/wp\/v2\/posts\/20639\/revisions"}],"predecessor-version":[{"id":20641,"href":"https:\/\/contraluzcucuta.co\/index.php?rest_route=\/wp\/v2\/posts\/20639\/revisions\/20641"}],"wp:featuredmedia":[{"embeddable":true,"href":"https:\/\/contraluzcucuta.co\/index.php?rest_route=\/wp\/v2\/media\/20640"}],"wp:attachment":[{"href":"https:\/\/contraluzcucuta.co\/index.php?rest_route=%2Fwp%2Fv2%2Fmedia&parent=20639"}],"wp:term":[{"taxonomy":"category","embeddable":true,"href":"https:\/\/contraluzcucuta.co\/index.php?rest_route=%2Fwp%2Fv2%2Fcategories&post=20639"},{"taxonomy":"post_tag","embeddable":true,"href":"https:\/\/contraluzcucuta.co\/index.php?rest_route=%2Fwp%2Fv2%2Ftags&post=20639"}],"curies":[{"name":"wp","href":"https:\/\/api.w.org\/{rel}","templated":true}]}}