{"id":20599,"date":"2014-02-04T21:19:44","date_gmt":"2014-02-05T02:19:44","guid":{"rendered":"http:\/\/contraluzcucuta.co\/?p=20599"},"modified":"2014-02-04T21:19:44","modified_gmt":"2014-02-05T02:19:44","slug":"gobierno-y-lideres-de-el-catatumbo-vuelven-a-dialogar","status":"publish","type":"post","link":"https:\/\/contraluzcucuta.co\/?p=20599","title":{"rendered":"Gobierno y l\u00edderes de El Catatumbo vuelven a dialogar"},"content":{"rendered":"<p><b style=\"line-height: 1.5em;\">C\u00daCUTA.-<\/b><span style=\"line-height: 1.5em;\"> Voceros del alto Gobierno y l\u00edderes campesinos de El Catatumbo regresan a la mesa de trabajo para continuar los di\u00e1logos en busca de soluciones a la crisis de la regi\u00f3n. En el 2013, los labriegos paralizaron las actividades por m\u00e1s de 50 d\u00edas para hacerse o\u00edr en Bogot\u00e1.<\/span><\/p>\n<p>El a\u00f1o pasado, los representantes oficiales y los delegados de la Asociaci\u00f3n de Campesinos de El Catatumbo (Ascamcat) llegaron a varios acuerdos de confianza. Entre los enviados por el presidente Juan Manuel Santos destacaron el expresidente Ernesto Samper y el vicepresidente Angelino Garz\u00f3n.<\/p>\n<p>Las conversaciones duraron m\u00e1s de un mes suspendidas. Ahora, este 5 de febrero, volver\u00e1n a la mesa los compromisarios para construir alternativas que permitan mitigar los efectos del abandono estatal en esa zona de Norte de Santander.<\/p>\n<p>La agenda se desarrollar\u00e1 en el sal\u00f3n Eustorgio Colmenares y contempla los siguientes aspectos:<\/p>\n<p>1.- Verificaci\u00f3n y cumplimiento de los retos para este a\u00f1o<\/p>\n<p>2.- Garant\u00edas de derechos humanos para los l\u00edderes campesinos<\/p>\n<p>3.- Establecimiento de acuerdos posterradicaci\u00f3n y de confianza, que han sido los aspectos neur\u00e1lgicos de las conversaciones.<\/p>\n<p>La delegaci\u00f3n del Gobierno la integran los viceministros del Interior, Juan Camilo Restrepo; de Agricultura, An\u00edbal Fern\u00e1ndez de Soto; la subdirectora del Departamento para la Prosperidad Social, Mariana Escobar, y miembros del Departamento Nacional de Planeaci\u00f3n e Incoder.<\/p>\n<p>Por la Asociaci\u00f3n Campesina de El Catatumbo participar\u00e1n participar\u00e1n Olga Luc\u00eda Quintero, Juan Carlos Quintero, Jos\u00e9 del Carmen Abril y Eugenio Guerrero.<\/p>\n<p>En el 2013, luego de varias pausas en la Mesa de Interlocuci\u00f3n y Acuerdo, se logr\u00f3 concretar varios acuerdos de confianza, entre los que destacan proyectos productivos, inversi\u00f3n en v\u00edas y subsidios para las familias afectadas por la erradicaci\u00f3n, que suman m\u00e1s de $ 10.000 millones.<\/p>\n<p>&nbsp; <\/p>\n","protected":false},"excerpt":{"rendered":"<p>C\u00daCUTA.- Voceros del alto Gobierno y l\u00edderes campesinos de El Catatumbo regresan a la mesa de trabajo para continuar los di\u00e1logos en busca de soluciones a la crisis de la regi\u00f3n. En el 2013, los labriegos paralizaron las actividades por m\u00e1s de 50 d\u00edas para hacerse o\u00edr en Bogot\u00e1. El a\u00f1o pasado, los representantes oficiales &hellip;<\/p>\n","protected":false},"author":1,"featured_media":20600,"comment_status":"open","ping_status":"open","sticky":false,"template":"","format":"standard","meta":{"footnotes":""},"categories":[556,4],"tags":[878],"class_list":["post-20599","post","type-post","status-publish","format-standard","has-post-thumbnail","hentry","category-departamento","category-barra","tag-crisis-de-el-catatumbo"],"_links":{"self":[{"href":"https:\/\/contraluzcucuta.co\/index.php?rest_route=\/wp\/v2\/posts\/20599","targetHints":{"allow":["GET"]}}],"collection":[{"href":"https:\/\/contraluzcucuta.co\/index.php?rest_route=\/wp\/v2\/posts"}],"about":[{"href":"https:\/\/contraluzcucuta.co\/index.php?rest_route=\/wp\/v2\/types\/post"}],"author":[{"embeddable":true,"href":"https:\/\/contraluzcucuta.co\/index.php?rest_route=\/wp\/v2\/users\/1"}],"replies":[{"embeddable":true,"href":"https:\/\/contraluzcucuta.co\/index.php?rest_route=%2Fwp%2Fv2%2Fcomments&post=20599"}],"version-history":[{"count":1,"href":"https:\/\/contraluzcucuta.co\/index.php?rest_route=\/wp\/v2\/posts\/20599\/revisions"}],"predecessor-version":[{"id":20601,"href":"https:\/\/contraluzcucuta.co\/index.php?rest_route=\/wp\/v2\/posts\/20599\/revisions\/20601"}],"wp:featuredmedia":[{"embeddable":true,"href":"https:\/\/contraluzcucuta.co\/index.php?rest_route=\/wp\/v2\/media\/20600"}],"wp:attachment":[{"href":"https:\/\/contraluzcucuta.co\/index.php?rest_route=%2Fwp%2Fv2%2Fmedia&parent=20599"}],"wp:term":[{"taxonomy":"category","embeddable":true,"href":"https:\/\/contraluzcucuta.co\/index.php?rest_route=%2Fwp%2Fv2%2Fcategories&post=20599"},{"taxonomy":"post_tag","embeddable":true,"href":"https:\/\/contraluzcucuta.co\/index.php?rest_route=%2Fwp%2Fv2%2Ftags&post=20599"}],"curies":[{"name":"wp","href":"https:\/\/api.w.org\/{rel}","templated":true}]}}