{"id":20596,"date":"2014-02-04T21:02:10","date_gmt":"2014-02-05T02:02:10","guid":{"rendered":"http:\/\/contraluzcucuta.co\/?p=20596"},"modified":"2014-02-04T21:02:10","modified_gmt":"2014-02-05T02:02:10","slug":"dayana-zamar-lucha-por-ser-top-model","status":"publish","type":"post","link":"https:\/\/contraluzcucuta.co\/?p=20596","title":{"rendered":"Dayana Zamar lucha por ser Top Model"},"content":{"rendered":"<p><b style=\"line-height: 1.5em;\">PAMPLONA \u2013 Norte de Santander.-<\/b><span style=\"line-height: 1.5em;\"> Dayana Zamar Delgado Contreras, participante en el Colombia\u2019s Next Top Model, del canal Caracol Televisi\u00f3n, es egresada del programa de comunicaci\u00f3n social de la Universidad de Pamplona y representa la belleza de las nortesantandereanas.<\/span><\/p>\n<p>La comunicadora social tiene 26 a\u00f1os, es oriunda de C\u00facuta y adelant\u00f3 los estudios superiores altern\u00e1ndolos con el modelaje, que le ha brindado oportunidades laborales y opciones de crecimiento.<\/p>\n<p>En la ciudad natal se desempe\u00f1\u00f3 como presentadora e imagen de una marca de ropa. Fue Reina Nacional del Bambuco, en el 2006, t\u00edtulo que le abri\u00f3 las puertas para incursionar en otros campos. Llev\u00f3 la corona departamental de la belleza a Cartagena.<\/p>\n<p>En la segunda temporada del concurso de televisi\u00f3n conforma el grupo de las ocho finalistas. Se proyecta como presentadora de far\u00e1ndula, continuar creciendo como modelo y ganar en el programa que participa.<\/p>\n<p>La modelo invit\u00f3 a las mujeres a que persigan sus sue\u00f1os y trabajen d\u00eda a d\u00eda por alcanzar las metas: \u201cNunca hay que dejar los sue\u00f1os, hay que perseguirlos, lograrlos y luego disfrutarlos, porque realmente uno siente lo maravilloso que es cumplir y llegar a esa meta\u201d.<\/p>\n<p>La Universidad de Pamplona invit\u00f3 a la comunidad universitaria a apoyar a Dayana Zamar con el voto para que sea la ganadora de la competencia. Link <a href=\"http:\/\/www.caracoltv.com\/topmodel\">http:\/\/www.caracoltv.com\/topmodel<\/a>.<\/p>\n<p>Fotos tomadas de: <a href=\"http:\/\/www.caracoltv.com\/topmodel\">http:\/\/www.caracoltv.com\/topmodel<\/a><\/p>\n<p>&nbsp; <\/p>\n","protected":false},"excerpt":{"rendered":"<p>PAMPLONA \u2013 Norte de Santander.- Dayana Zamar Delgado Contreras, participante en el Colombia\u2019s Next Top Model, del canal Caracol Televisi\u00f3n, es egresada del programa de comunicaci\u00f3n social de la Universidad de Pamplona y representa la belleza de las nortesantandereanas. La comunicadora social tiene 26 a\u00f1os, es oriunda de C\u00facuta y adelant\u00f3 los estudios superiores altern\u00e1ndolos &hellip;<\/p>\n","protected":false},"author":1,"featured_media":20597,"comment_status":"open","ping_status":"open","sticky":false,"template":"","format":"standard","meta":{"footnotes":""},"categories":[45],"tags":[1118,1117],"class_list":["post-20596","post","type-post","status-publish","format-standard","has-post-thumbnail","hentry","category-destacado","tag-colombias-next-top-model","tag-dayana-zamar-delgado"],"_links":{"self":[{"href":"https:\/\/contraluzcucuta.co\/index.php?rest_route=\/wp\/v2\/posts\/20596","targetHints":{"allow":["GET"]}}],"collection":[{"href":"https:\/\/contraluzcucuta.co\/index.php?rest_route=\/wp\/v2\/posts"}],"about":[{"href":"https:\/\/contraluzcucuta.co\/index.php?rest_route=\/wp\/v2\/types\/post"}],"author":[{"embeddable":true,"href":"https:\/\/contraluzcucuta.co\/index.php?rest_route=\/wp\/v2\/users\/1"}],"replies":[{"embeddable":true,"href":"https:\/\/contraluzcucuta.co\/index.php?rest_route=%2Fwp%2Fv2%2Fcomments&post=20596"}],"version-history":[{"count":1,"href":"https:\/\/contraluzcucuta.co\/index.php?rest_route=\/wp\/v2\/posts\/20596\/revisions"}],"predecessor-version":[{"id":20598,"href":"https:\/\/contraluzcucuta.co\/index.php?rest_route=\/wp\/v2\/posts\/20596\/revisions\/20598"}],"wp:featuredmedia":[{"embeddable":true,"href":"https:\/\/contraluzcucuta.co\/index.php?rest_route=\/wp\/v2\/media\/20597"}],"wp:attachment":[{"href":"https:\/\/contraluzcucuta.co\/index.php?rest_route=%2Fwp%2Fv2%2Fmedia&parent=20596"}],"wp:term":[{"taxonomy":"category","embeddable":true,"href":"https:\/\/contraluzcucuta.co\/index.php?rest_route=%2Fwp%2Fv2%2Fcategories&post=20596"},{"taxonomy":"post_tag","embeddable":true,"href":"https:\/\/contraluzcucuta.co\/index.php?rest_route=%2Fwp%2Fv2%2Ftags&post=20596"}],"curies":[{"name":"wp","href":"https:\/\/api.w.org\/{rel}","templated":true}]}}