{"id":20593,"date":"2014-02-04T20:37:47","date_gmt":"2014-02-05T01:37:47","guid":{"rendered":"http:\/\/contraluzcucuta.co\/?p=20593"},"modified":"2014-02-05T23:31:31","modified_gmt":"2014-02-06T04:31:31","slug":"electrificacion-rural-permitira-a-5200-familias-ver-a-colombia-en-el-mundial-2014","status":"publish","type":"post","link":"https:\/\/contraluzcucuta.co\/?p=20593","title":{"rendered":"Electrificaci\u00f3n rural permitir\u00e1 a 5200 familias ver a Colombia en el Mundial 2014"},"content":{"rendered":"<p><b style=\"line-height: 1.5em;\">C\u00daCUTA.-<\/b><span style=\"line-height: 1.5em;\"> A Luis Alberto Monta\u00f1ez, campesino de la vereda Taparcu\u00e1 (Chitag\u00e1) se le cumpli\u00f3 el sue\u00f1o de la vida. El 12 de junio, ser\u00e1 uno de los millones de telespectadores que ver\u00e1n la inauguraci\u00f3n del Mundial de F\u00fatbol 2014. De ah\u00ed en adelante no se perder\u00e1 uno solo de los partidos de la Selecci\u00f3n Colombia.<\/span><\/p>\n<p>En las noches oscuras elev\u00f3 muchas oraciones a la Virgen Sant\u00edsima para que le hiciera el milagro de llevarle el alumbrado el\u00e9ctrico a la casa y as\u00ed estar atento a los encuentros del combinado patrio y celebrar cada gol convertido en Brasil.<\/p>\n<p>Hace pocas semanas las rogativas tuvieron eco en el Cielo y los operarios contratados por Centrales El\u00e9ctricas llegaron con la buena nueva. A partir de entonces desaparecieron las velas, las sombras nocturnas se disiparon, \u00a0apareci\u00f3 la luz, el jugo de fruta fresca se prepar\u00f3 en la licuadora y el televisor tendr\u00e1 un sitio especial en la sala de la casa.<\/p>\n<p>As\u00ed como el sue\u00f1o de Luis Alberto se hizo realidad, otras 5200 familias residentes en 195 veredas de San Calixto, Teorama, Hacar\u00ed, La Playa, C\u00e1chira, La Esperanza, Villacaro, Oca\u00f1a y Convenci\u00f3n tendr\u00e1n energ\u00eda el\u00e9ctrica en el hogar y podr\u00e1n ver el Mundial 2014.<\/p>\n<p>La magia de la luz llegar\u00e1 mediante la inversi\u00f3n de $ 63.000 millones en electrificaci\u00f3n rural, porque no es posible que en pleno siglo 21 los campesinos de Norte de Santander no tengan este servicio b\u00e1sico.<\/p>\n<p>CENS electrificar\u00e1 5200 usuarios rurales<\/p>\n<p>Los recursos provendr\u00e1n del Ministerio de Minas y Energ\u00eda, Gobernaci\u00f3n de Norte de Santander, Ecopetrol, Fundescat, Grupo EPM y CENS. Los trabajos se cumplir\u00e1n entre 2014 y 2015.<\/p>\n<p>Los trabajos planeados exigen capacitar personal de la regi\u00f3n para que laboren en los proyectos de electrificaci\u00f3n rural. La mano de obra requerida son 300 operarios t\u00e9cnicos vinculados a contratistas privados.<\/p>\n<p>\u201cTenemos un cuello de botella y es que se necesitan 200 operarios y t\u00e9cnicos. En lugar de que traigan mano de obra de otras regiones debe beneficiarse gente de C\u00facuta, Tib\u00fa, Oca\u00f1a\u201d y dem\u00e1s municipios favorecidos, dijo el gerente de Centrales, Alberto Rangel.<\/p>\n<p>Las inversiones de la empresa en el 2014 alcanzan los $ 270.000 millones, que permitir\u00e1 aumentar la cobertura y mejorar la prestaci\u00f3n del servicio. Un convenio con Ecopetrol para obras es por $ 71.000 millones y el plan de expansi\u00f3n de Cens costar\u00e1 $ 140.000 millones.<\/p>\n<p>De los siete contratos, por $ 12.000 millones, seis contratistas de la regi\u00f3n ganaron la licitaci\u00f3n y ejecutar\u00e1n los trabajos. Para estas firmas privadas es que se requieren los obreros que capacitar\u00e1 el Sena, mediante alianza estrat\u00e9gica suscrita con Centrales.<\/p>\n<p>El 6 de febrero, se har\u00e1 el proceso de inducci\u00f3n a los inscritos y el 17 se entregar\u00e1n los resultados para los linieros de redes a\u00e9reas de distribuci\u00f3n de energ\u00eda. El fin de la capacitaci\u00f3n es tener personal calificado para los nuevos proyectos de electrificaci\u00f3n que se ejecutar\u00e1n en Norte de Santander.<\/p>\n<p>El proyecto de formaci\u00f3n incluye, en la primera fase, a 100 aspirantes en la certificaci\u00f3n de la competencia laboral en construcci\u00f3n y montaje de redes de distribuci\u00f3n de energ\u00eda. Los restantes 100 se certificar\u00e1n en una formaci\u00f3n que atienda la misma \u00e1rea y que no exceda el 2014 en la duraci\u00f3n.<\/p>\n<p>&nbsp; <\/p>\n","protected":false},"excerpt":{"rendered":"<p>C\u00daCUTA.- A Luis Alberto Monta\u00f1ez, campesino de la vereda Taparcu\u00e1 (Chitag\u00e1) se le cumpli\u00f3 el sue\u00f1o de la vida. El 12 de junio, ser\u00e1 uno de los millones de telespectadores que ver\u00e1n la inauguraci\u00f3n del Mundial de F\u00fatbol 2014. De ah\u00ed en adelante no se perder\u00e1 uno solo de los partidos de la Selecci\u00f3n Colombia. &hellip;<\/p>\n","protected":false},"author":1,"featured_media":20594,"comment_status":"open","ping_status":"open","sticky":false,"template":"","format":"standard","meta":{"footnotes":""},"categories":[556,36],"tags":[1116,762],"class_list":["post-20593","post","type-post","status-publish","format-standard","has-post-thumbnail","hentry","category-departamento","category-la-voz-del-pueblo","tag-centrales-electricas","tag-electrificacion-rural"],"_links":{"self":[{"href":"https:\/\/contraluzcucuta.co\/index.php?rest_route=\/wp\/v2\/posts\/20593","targetHints":{"allow":["GET"]}}],"collection":[{"href":"https:\/\/contraluzcucuta.co\/index.php?rest_route=\/wp\/v2\/posts"}],"about":[{"href":"https:\/\/contraluzcucuta.co\/index.php?rest_route=\/wp\/v2\/types\/post"}],"author":[{"embeddable":true,"href":"https:\/\/contraluzcucuta.co\/index.php?rest_route=\/wp\/v2\/users\/1"}],"replies":[{"embeddable":true,"href":"https:\/\/contraluzcucuta.co\/index.php?rest_route=%2Fwp%2Fv2%2Fcomments&post=20593"}],"version-history":[{"count":1,"href":"https:\/\/contraluzcucuta.co\/index.php?rest_route=\/wp\/v2\/posts\/20593\/revisions"}],"predecessor-version":[{"id":20595,"href":"https:\/\/contraluzcucuta.co\/index.php?rest_route=\/wp\/v2\/posts\/20593\/revisions\/20595"}],"wp:featuredmedia":[{"embeddable":true,"href":"https:\/\/contraluzcucuta.co\/index.php?rest_route=\/wp\/v2\/media\/20594"}],"wp:attachment":[{"href":"https:\/\/contraluzcucuta.co\/index.php?rest_route=%2Fwp%2Fv2%2Fmedia&parent=20593"}],"wp:term":[{"taxonomy":"category","embeddable":true,"href":"https:\/\/contraluzcucuta.co\/index.php?rest_route=%2Fwp%2Fv2%2Fcategories&post=20593"},{"taxonomy":"post_tag","embeddable":true,"href":"https:\/\/contraluzcucuta.co\/index.php?rest_route=%2Fwp%2Fv2%2Ftags&post=20593"}],"curies":[{"name":"wp","href":"https:\/\/api.w.org\/{rel}","templated":true}]}}