{"id":20587,"date":"2014-01-30T22:44:11","date_gmt":"2014-01-31T03:44:11","guid":{"rendered":"http:\/\/contraluzcucuta.co\/?p=20587"},"modified":"2014-01-30T22:44:11","modified_gmt":"2014-01-31T03:44:11","slug":"cucuta-deportivo-no-gana-ni-en-el-escritorio","status":"publish","type":"post","link":"https:\/\/contraluzcucuta.co\/?p=20587","title":{"rendered":"C\u00facuta Deportivo no gana ni en el escritorio"},"content":{"rendered":"<p><b>C\u00daCUTA.-<\/b> El C\u00facuta Deportivo no levanta cabeza. A la derrota en Barranquilla (3-1) frente a Uni\u00f3n Magdalena en el inicio de la participaci\u00f3n en el torneo de la B, se suman los rumores de la salida del presidente de la instituci\u00f3n Jos\u00e9 Augusto Cadena Mora por venta de las acciones y el retiro del proyecto de acuerdo que buscaba mejorarle la condici\u00f3n tributaria al once rojinegro.<\/p>\n<p>\u201cNo \u00a0es cierto que est\u00e9 vendiendo su participaci\u00f3n accionaria\u201d, inform\u00f3 el club en comunicado de prensa. Cadena lleg\u00f3 a finales del 2013 a la mesa directiva y no gener\u00f3 mayor confianza entre los \u00a0aficionados por el pasado que arrastra con otros equipos.<\/p>\n<p>La aclaraci\u00f3n surgi\u00f3 a ra\u00edz de informaciones que circularon en la ciudad \u201cen forma mal intencionada\u00a0\u00a0 en algunos medios radiales y redes sociales, que no benefician en nada al club\u201d.<\/p>\n<p>Se record\u00f3 que el prop\u00f3sito de Jos\u00e9 Augusto Cadena, cuando se asumi\u00f3 el control del equipo profesional, fue devolverlo al torneo\u00a0 de la A, \u00a0y \u201cnunca\u00a0\u00a0 ser un ave de paso\u201d. El C\u00facuta perdi\u00f3 la categor\u00eda, en diciembre, luego de dos semestres de campa\u00f1as desastrosas.<\/p>\n<p>En el debut en la segunda divisi\u00f3n del f\u00fatbol profesional colombiano, el elenco motil\u00f3n sucumbi\u00f3 en un partido que no dej\u00f3 buenos comentarios entre la afici\u00f3n. Los espectadores se declararon desanimados con el equipo tras la derrota y al recordar que el pr\u00f3ximo partido ser\u00e1 contra Am\u00e9rica.<\/p>\n<p>Armar un cuadro competitivo y que d\u00e9 la pelea para no pasar mucho tiempo en la B, como ocurri\u00f3 en el pasado, \u201ces un compromiso con la ciudad\u00a0 y un reto\u00a0 profesional\u00a0 que tengo como hombre del f\u00fatbol\u201d, dijo el principal accionista Jos\u00e9 Augusto Cadena.<\/p>\n<p>Mientras se daba esta situaci\u00f3n en las oficinas del C\u00facuta Deportivo, el alcalde Donamaris Ram\u00edrez orden\u00f3 retirar el proyecto de acuerdo con el que buscaba aliviarle la vida tributaria y bajar de 10 a uno por ciento el impuesto que debe pagar por concepto de espect\u00e1culos.<\/p>\n<p>La iniciativa, radicada durante la extensi\u00f3n de las extras por cinco d\u00edas, pretend\u00eda modificar el Estatuto Tributario, con el prop\u00f3sito de reducir la tasa de impuestos que deb\u00eda asumir el equipo de f\u00fatbol.<\/p>\n<p>El Alcalde retir\u00f3 el documento con el prop\u00f3sito de efectuar unos cambios en la motivaci\u00f3n. El proyecto ser\u00eda\u00a0 radicado de nuevo para darle el tr\u00e1mite en la corporaci\u00f3n durante una convocatoria a sesiones extraordinarias o en el primer ciclo ordinario que iniciar\u00e1 el primero de marzo.<\/p>\n<p>&nbsp; <\/p>\n","protected":false},"excerpt":{"rendered":"<p>C\u00daCUTA.- El C\u00facuta Deportivo no levanta cabeza. A la derrota en Barranquilla (3-1) frente a Uni\u00f3n Magdalena en el inicio de la participaci\u00f3n en el torneo de la B, se suman los rumores de la salida del presidente de la instituci\u00f3n Jos\u00e9 Augusto Cadena Mora por venta de las acciones y el retiro del proyecto &hellip;<\/p>\n","protected":false},"author":1,"featured_media":20588,"comment_status":"open","ping_status":"open","sticky":false,"template":"","format":"standard","meta":{"footnotes":""},"categories":[28],"tags":[192],"class_list":["post-20587","post","type-post","status-publish","format-standard","has-post-thumbnail","hentry","category-vistazo-deportivo","tag-cucuta-deportivo"],"_links":{"self":[{"href":"https:\/\/contraluzcucuta.co\/index.php?rest_route=\/wp\/v2\/posts\/20587","targetHints":{"allow":["GET"]}}],"collection":[{"href":"https:\/\/contraluzcucuta.co\/index.php?rest_route=\/wp\/v2\/posts"}],"about":[{"href":"https:\/\/contraluzcucuta.co\/index.php?rest_route=\/wp\/v2\/types\/post"}],"author":[{"embeddable":true,"href":"https:\/\/contraluzcucuta.co\/index.php?rest_route=\/wp\/v2\/users\/1"}],"replies":[{"embeddable":true,"href":"https:\/\/contraluzcucuta.co\/index.php?rest_route=%2Fwp%2Fv2%2Fcomments&post=20587"}],"version-history":[{"count":1,"href":"https:\/\/contraluzcucuta.co\/index.php?rest_route=\/wp\/v2\/posts\/20587\/revisions"}],"predecessor-version":[{"id":20589,"href":"https:\/\/contraluzcucuta.co\/index.php?rest_route=\/wp\/v2\/posts\/20587\/revisions\/20589"}],"wp:featuredmedia":[{"embeddable":true,"href":"https:\/\/contraluzcucuta.co\/index.php?rest_route=\/wp\/v2\/media\/20588"}],"wp:attachment":[{"href":"https:\/\/contraluzcucuta.co\/index.php?rest_route=%2Fwp%2Fv2%2Fmedia&parent=20587"}],"wp:term":[{"taxonomy":"category","embeddable":true,"href":"https:\/\/contraluzcucuta.co\/index.php?rest_route=%2Fwp%2Fv2%2Fcategories&post=20587"},{"taxonomy":"post_tag","embeddable":true,"href":"https:\/\/contraluzcucuta.co\/index.php?rest_route=%2Fwp%2Fv2%2Ftags&post=20587"}],"curies":[{"name":"wp","href":"https:\/\/api.w.org\/{rel}","templated":true}]}}