{"id":20581,"date":"2014-01-30T21:38:08","date_gmt":"2014-01-31T02:38:08","guid":{"rendered":"http:\/\/contraluzcucuta.co\/?p=20581"},"modified":"2014-01-30T21:38:08","modified_gmt":"2014-01-31T02:38:08","slug":"250-policias-mas-para-proteger-a-los-nortesantandereanos","status":"publish","type":"post","link":"https:\/\/contraluzcucuta.co\/?p=20581","title":{"rendered":"250 polic\u00edas m\u00e1s para proteger a los nortesantandereanos"},"content":{"rendered":"<p><b>C\u00daCUTA.-<\/b> Doscientos cincuenta hombres y mujeres reforzar\u00e1n la seguridad en Norte de Santander. El ministro de Defensa, Juan Carlos Pinz\u00f3n, y el director Nacional de la Polic\u00eda, general Rodolfo Palomino, entregaron los agentes con los que \u00a0aumenta el pie de fuerza en los 40 municipios del departamento.<\/p>\n<p>Los uniformados cumplir\u00e1n misiones de vigilancia, fiscal y aduanera para proteger a los nortesantandereanos y garantizar la tranquilidad en la regi\u00f3n.<\/p>\n<p>M\u00e1s de 30 agentes ser\u00e1n enviados a diferentes zonas para apoyar las labores de la Polic\u00eda Fiscal y Aduanera. El objetivo es disminuir los \u00edndices del contrabando que produjeron un d\u00e9ficit en las finanzas de Norte de Santander cercano a los $ 7000 millones.<\/p>\n<p>Del total de los miembros de polic\u00eda asignados al departamento, 120 quedar\u00e1n en el Comando de Polic\u00eda Metropolitana de C\u00facuta. Conformar\u00e1n 11 cuadrantes de seguridad, para elevar a 68 los cuadrantes en la ciudad.<\/p>\n<p>El alcalde Ram\u00edrez ratific\u00f3 la entrega de 39 motos de 650 cent\u00edmetros c\u00fabicos para el Escuadr\u00f3n M\u00f3vil Antidisturbios (Esmad), la Polfa y Polic\u00eda de Vigilancia, para combatir el delito, los robos, los hurtos y el atraco.<\/p>\n<p>La Gobernaci\u00f3n ha destinado $ 4500 millones para apoyar la labor de los agentes. Los recursos se han empleado para adquirir motocicletas, veh\u00edculos, computadores, esc\u00e1neres, radios y laboratorio de bal\u00edstica para el Cuerpo T\u00e9cnico de Investigaci\u00f3n (CTI).<\/p>\n<p>El ministro Pinz\u00f3n destac\u00f3 la inversi\u00f3n con la que se busca combatir a los grupos armados y delincuenciales. Sin seguridad no hay desarrollo, ni inversi\u00f3n para los colombianos, dijo.<\/p>\n<p>Los esfuerzos resultar\u00e1n insuficientes si no se articula el trabajo de la fuerza p\u00fablica, gobiernos y comunidad.<\/p>\n<p>El acto se cumpli\u00f3 en la Plaza de Banderas y asistieron los brigadieres Gustavo Adolfo Moreno, comandante de la Polic\u00eda Fiscal y Aduanera, y Juan Pablo Amaya, comandante de la Segunda Divisi\u00f3n del Ej\u00e9rcito; el coronel Eli\u00e9cer Camacho, comandante Departamento de Polic\u00eda Norte de Santander; coronel Gonzalo Carrero, comandante de la Polic\u00eda Metropolitana, y Donamaris Ram\u00edrez, alcalde de C\u00facuta.<\/p>\n<p>&nbsp;<\/p>\n<p>&nbsp;<\/p>\n<p>&nbsp; <\/p>\n","protected":false},"excerpt":{"rendered":"<p>C\u00daCUTA.- Doscientos cincuenta hombres y mujeres reforzar\u00e1n la seguridad en Norte de Santander. El ministro de Defensa, Juan Carlos Pinz\u00f3n, y el director Nacional de la Polic\u00eda, general Rodolfo Palomino, entregaron los agentes con los que \u00a0aumenta el pie de fuerza en los 40 municipios del departamento. Los uniformados cumplir\u00e1n misiones de vigilancia, fiscal y &hellip;<\/p>\n","protected":false},"author":1,"featured_media":20582,"comment_status":"open","ping_status":"open","sticky":false,"template":"","format":"standard","meta":{"footnotes":""},"categories":[11,4],"tags":[1113,1115,1114],"class_list":["post-20581","post","type-post","status-publish","format-standard","has-post-thumbnail","hentry","category-cronica-roja","category-barra","tag-general-rodolfo-palomino","tag-juan-carlos-pinzon","tag-ministro-de-defensa"],"_links":{"self":[{"href":"https:\/\/contraluzcucuta.co\/index.php?rest_route=\/wp\/v2\/posts\/20581","targetHints":{"allow":["GET"]}}],"collection":[{"href":"https:\/\/contraluzcucuta.co\/index.php?rest_route=\/wp\/v2\/posts"}],"about":[{"href":"https:\/\/contraluzcucuta.co\/index.php?rest_route=\/wp\/v2\/types\/post"}],"author":[{"embeddable":true,"href":"https:\/\/contraluzcucuta.co\/index.php?rest_route=\/wp\/v2\/users\/1"}],"replies":[{"embeddable":true,"href":"https:\/\/contraluzcucuta.co\/index.php?rest_route=%2Fwp%2Fv2%2Fcomments&post=20581"}],"version-history":[{"count":1,"href":"https:\/\/contraluzcucuta.co\/index.php?rest_route=\/wp\/v2\/posts\/20581\/revisions"}],"predecessor-version":[{"id":20583,"href":"https:\/\/contraluzcucuta.co\/index.php?rest_route=\/wp\/v2\/posts\/20581\/revisions\/20583"}],"wp:featuredmedia":[{"embeddable":true,"href":"https:\/\/contraluzcucuta.co\/index.php?rest_route=\/wp\/v2\/media\/20582"}],"wp:attachment":[{"href":"https:\/\/contraluzcucuta.co\/index.php?rest_route=%2Fwp%2Fv2%2Fmedia&parent=20581"}],"wp:term":[{"taxonomy":"category","embeddable":true,"href":"https:\/\/contraluzcucuta.co\/index.php?rest_route=%2Fwp%2Fv2%2Fcategories&post=20581"},{"taxonomy":"post_tag","embeddable":true,"href":"https:\/\/contraluzcucuta.co\/index.php?rest_route=%2Fwp%2Fv2%2Ftags&post=20581"}],"curies":[{"name":"wp","href":"https:\/\/api.w.org\/{rel}","templated":true}]}}