{"id":20567,"date":"2014-01-28T21:13:29","date_gmt":"2014-01-29T02:13:29","guid":{"rendered":"http:\/\/contraluzcucuta.co\/?p=20567"},"modified":"2014-01-28T21:13:29","modified_gmt":"2014-01-29T02:13:29","slug":"la-caricatura-otra-manera-de-informar","status":"publish","type":"post","link":"https:\/\/contraluzcucuta.co\/?p=20567","title":{"rendered":"La caricatura, otra manera de informar"},"content":{"rendered":"<p><b style=\"line-height: 1.5em;\">PAMPLONA \u2013 Norte de Santander.-<\/b><span style=\"line-height: 1.5em;\"> La caricatura es otra forma de expresi\u00f3n no s\u00f3lo art\u00edstica o informativa sino de ejercicio de ciudadan\u00eda. Alfredo Ram\u00edrez Parra \u2018Yeyo\u2019, comunicador social y\u00a0 dise\u00f1ador de la Universidad de Pamplona, ha adoptado su pasi\u00f3n por el dibujo como instrumento de interpretaci\u00f3n y difusi\u00f3n noticiosa que hace de la cotidianidad un espacio para mostrar la realidad de otra forma.<\/span><\/p>\n<p>Este medio de comunicaci\u00f3n y opini\u00f3n desarrolla tem\u00e1ticas en todos los \u00e1mbitos, predominantemente en el pol\u00edtico. Debido al impacto y creciente n\u00famero de seguidores, se siente complacido al recibir invitaciones para publicar las caricaturas.<\/p>\n<p>\u201cFui invitado por la revista Perspectiva, de circulaci\u00f3n latinoamericana, en las versiones impresa y web, y en el medio de an\u00e1lisis pol\u00edtico nacional Raz\u00f3n P\u00fablica. He recibido invitaciones de estudiantes de universidades colombianas para publicar en sus revistas\u201d.<\/p>\n<p>\u2018Yeyo\u2019 ha participado en actividades acad\u00e9micas y culturales y se ha postulado al premio nacional de periodismo Sim\u00f3n Bol\u00edvar y al regional de la Revista Semana. Estas participaciones le han permitido compartir e intercambiar experiencias con personalidades del periodismo.<\/p>\n<p>El artista gr\u00e1fico destac\u00f3 que interpretar la realidad mediante dibujos es una labor que se integra a las funciones de la Universidad de Pamplona. \u201cLa Universidad es una empresa valiosa y estoy agradecido porque me ha permitido, aparte de trabajar, hacer mis caricaturas\u201d.<\/p>\n<p>La funci\u00f3n de informar representa para el periodista un escenario de m\u00faltiples posibilidades de difusi\u00f3n y hacer caricatura permite ver una noticia desde otra perspectiva y darla a conocer de maneras no convencionales.<\/p>\n<p>\u00bfQui\u00e9n es el hombre detr\u00e1s de las caricaturas? Alfredo Ram\u00edrez, \u2018Yeyo\u2019, es comunicador social y periodista egresado de la Universidad Aut\u00f3noma de Bucaramanga. Ha trabajado en TV Cable, en Bucaramanga, productoras privadas y el diario La Opini\u00f3n (C\u00facuta).<\/p>\n<p>Inici\u00f3 labores en la Universidad de Pamplona el primero de mayo de 2001, en el Centro de Producci\u00f3n de Televisi\u00f3n. Despu\u00e9s, se integr\u00f3 como dise\u00f1ador gr\u00e1fico en el \u00e1rea de Plataforma Tecnol\u00f3gica.<\/p>\n<p>Sus proyectos para el futuro como caricaturista tienen que ver con plasmar la informaci\u00f3n con im\u00e1genes de contenido social y participar cada vez m\u00e1s en medios de nacionales e internacionales.<\/p>\n<p>&nbsp;<\/p>\n<p>&nbsp; <\/p>\n","protected":false},"excerpt":{"rendered":"<p>PAMPLONA \u2013 Norte de Santander.- La caricatura es otra forma de expresi\u00f3n no s\u00f3lo art\u00edstica o informativa sino de ejercicio de ciudadan\u00eda. Alfredo Ram\u00edrez Parra \u2018Yeyo\u2019, comunicador social y\u00a0 dise\u00f1ador de la Universidad de Pamplona, ha adoptado su pasi\u00f3n por el dibujo como instrumento de interpretaci\u00f3n y difusi\u00f3n noticiosa que hace de la cotidianidad un &hellip;<\/p>\n","protected":false},"author":1,"featured_media":20568,"comment_status":"open","ping_status":"open","sticky":false,"template":"","format":"standard","meta":{"footnotes":""},"categories":[45],"tags":[1106,1107],"class_list":["post-20567","post","type-post","status-publish","format-standard","has-post-thumbnail","hentry","category-destacado","tag-caricatura","tag-yeyo"],"_links":{"self":[{"href":"https:\/\/contraluzcucuta.co\/index.php?rest_route=\/wp\/v2\/posts\/20567","targetHints":{"allow":["GET"]}}],"collection":[{"href":"https:\/\/contraluzcucuta.co\/index.php?rest_route=\/wp\/v2\/posts"}],"about":[{"href":"https:\/\/contraluzcucuta.co\/index.php?rest_route=\/wp\/v2\/types\/post"}],"author":[{"embeddable":true,"href":"https:\/\/contraluzcucuta.co\/index.php?rest_route=\/wp\/v2\/users\/1"}],"replies":[{"embeddable":true,"href":"https:\/\/contraluzcucuta.co\/index.php?rest_route=%2Fwp%2Fv2%2Fcomments&post=20567"}],"version-history":[{"count":1,"href":"https:\/\/contraluzcucuta.co\/index.php?rest_route=\/wp\/v2\/posts\/20567\/revisions"}],"predecessor-version":[{"id":20569,"href":"https:\/\/contraluzcucuta.co\/index.php?rest_route=\/wp\/v2\/posts\/20567\/revisions\/20569"}],"wp:featuredmedia":[{"embeddable":true,"href":"https:\/\/contraluzcucuta.co\/index.php?rest_route=\/wp\/v2\/media\/20568"}],"wp:attachment":[{"href":"https:\/\/contraluzcucuta.co\/index.php?rest_route=%2Fwp%2Fv2%2Fmedia&parent=20567"}],"wp:term":[{"taxonomy":"category","embeddable":true,"href":"https:\/\/contraluzcucuta.co\/index.php?rest_route=%2Fwp%2Fv2%2Fcategories&post=20567"},{"taxonomy":"post_tag","embeddable":true,"href":"https:\/\/contraluzcucuta.co\/index.php?rest_route=%2Fwp%2Fv2%2Ftags&post=20567"}],"curies":[{"name":"wp","href":"https:\/\/api.w.org\/{rel}","templated":true}]}}