{"id":20558,"date":"2014-01-27T22:48:33","date_gmt":"2014-01-28T03:48:33","guid":{"rendered":"http:\/\/contraluzcucuta.co\/?p=20558"},"modified":"2014-01-27T22:48:33","modified_gmt":"2014-01-28T03:48:33","slug":"cucuta-deportivo-una-de-cal-y-otra-de-arena","status":"publish","type":"post","link":"https:\/\/contraluzcucuta.co\/?p=20558","title":{"rendered":"C\u00facuta Deportivo. Una de cal y otra de arena"},"content":{"rendered":"<p><b style=\"line-height: 1.5em;\">C\u00daCUTA.-<\/b><span style=\"line-height: 1.5em;\"> Dos momentos opuestos se vivieron, ayer, en torno al C\u00facuta Deportivo. En materia pol\u00edtica, el alcalde Dponamaris Ram\u00edrez propuso al Concejo rebajar impuestos al cuadro local. En cuesti\u00f3n deportiva, los aficionados cargaron con la primera decepci\u00f3n del a\u00f1o.<\/span><\/p>\n<p>La corporaci\u00f3n p\u00fablica municipal fue llamada a sesiones extraordinarias y entre los proyectos bajados por el estudio en los pr\u00f3ximos cinco d\u00edas aparece el relacionado con el descuento de impuestos al club motil\u00f3n por concepto de espect\u00e1culos.<\/p>\n<p>El Estatuto Tributario de C\u00facuta contempla que el equipo rojinegro debe pagar el 10 por ciento de impuestos. La propuesta es que los concejales tomen conciencia de la situaci\u00f3n econ\u00f3mica que arrastra para darle una manito. El ponente de la iniciativa ser\u00e1 C\u00e9sar Arbey Torres.<\/p>\n<p>Entre tanto, en Barranquilla el once motil\u00f3n sucumbi\u00f3 ante Uni\u00f3n Magdalena (3-1) y dej\u00f3 un mal sabor entre los aficionados que cre\u00edan en el resurgir de la verg\u00fcenza deportiva, luego de las recientes campa\u00f1as desastrosas.<\/p>\n<p>C\u00facuta regres\u00f3 a la categor\u00eda B al perder, en el 2013, el cupo entre los 18 clubes del rentado profesional. El equipo volvi\u00f3 a la A en el 2007 y tuvo momentos gloriosos al participar en la Copa Libertadores, en dos ocasiones seguidas.<\/p>\n<p>La esperanza estaba puesta en un comienzo de torneo bueno, con un triunfo que marcara el camino hacia el retorno a la m\u00e1xima categor\u00eda del f\u00fatbol colombiano. Sin embargo, los pensamientos est\u00e1n diametralmente opuestos entre aficionados, directivos, jugadores y cuerpo t\u00e9cnico.<\/p>\n<p>Los dirigidos por H\u00e9ctor Estrada tendr\u00e1n la segunda salida del campeonato, el fin de semana entrante, contra Am\u00e9rica de Cali en el General Santander. Ser\u00e1 el reencuentro con los espectadores, que al final del a\u00f1o pasado abandonaron los grader\u00edos.<\/p>\n<p>&nbsp; <\/p>\n","protected":false},"excerpt":{"rendered":"<p>C\u00daCUTA.- Dos momentos opuestos se vivieron, ayer, en torno al C\u00facuta Deportivo. En materia pol\u00edtica, el alcalde Dponamaris Ram\u00edrez propuso al Concejo rebajar impuestos al cuadro local. En cuesti\u00f3n deportiva, los aficionados cargaron con la primera decepci\u00f3n del a\u00f1o. La corporaci\u00f3n p\u00fablica municipal fue llamada a sesiones extraordinarias y entre los proyectos bajados por el &hellip;<\/p>\n","protected":false},"author":1,"featured_media":20463,"comment_status":"open","ping_status":"open","sticky":false,"template":"","format":"standard","meta":{"footnotes":""},"categories":[4],"tags":[192],"class_list":["post-20558","post","type-post","status-publish","format-standard","has-post-thumbnail","hentry","category-barra","tag-cucuta-deportivo"],"_links":{"self":[{"href":"https:\/\/contraluzcucuta.co\/index.php?rest_route=\/wp\/v2\/posts\/20558","targetHints":{"allow":["GET"]}}],"collection":[{"href":"https:\/\/contraluzcucuta.co\/index.php?rest_route=\/wp\/v2\/posts"}],"about":[{"href":"https:\/\/contraluzcucuta.co\/index.php?rest_route=\/wp\/v2\/types\/post"}],"author":[{"embeddable":true,"href":"https:\/\/contraluzcucuta.co\/index.php?rest_route=\/wp\/v2\/users\/1"}],"replies":[{"embeddable":true,"href":"https:\/\/contraluzcucuta.co\/index.php?rest_route=%2Fwp%2Fv2%2Fcomments&post=20558"}],"version-history":[{"count":1,"href":"https:\/\/contraluzcucuta.co\/index.php?rest_route=\/wp\/v2\/posts\/20558\/revisions"}],"predecessor-version":[{"id":20559,"href":"https:\/\/contraluzcucuta.co\/index.php?rest_route=\/wp\/v2\/posts\/20558\/revisions\/20559"}],"wp:featuredmedia":[{"embeddable":true,"href":"https:\/\/contraluzcucuta.co\/index.php?rest_route=\/wp\/v2\/media\/20463"}],"wp:attachment":[{"href":"https:\/\/contraluzcucuta.co\/index.php?rest_route=%2Fwp%2Fv2%2Fmedia&parent=20558"}],"wp:term":[{"taxonomy":"category","embeddable":true,"href":"https:\/\/contraluzcucuta.co\/index.php?rest_route=%2Fwp%2Fv2%2Fcategories&post=20558"},{"taxonomy":"post_tag","embeddable":true,"href":"https:\/\/contraluzcucuta.co\/index.php?rest_route=%2Fwp%2Fv2%2Ftags&post=20558"}],"curies":[{"name":"wp","href":"https:\/\/api.w.org\/{rel}","templated":true}]}}