{"id":20505,"date":"2014-01-14T22:54:45","date_gmt":"2014-01-15T03:54:45","guid":{"rendered":"http:\/\/contraluzcucuta.co\/?p=20505"},"modified":"2014-01-14T22:54:45","modified_gmt":"2014-01-15T03:54:45","slug":"gramalote-es-el-proyecto-que-mas-horas-de-sueno-me-ha-quitado-santos","status":"publish","type":"post","link":"https:\/\/contraluzcucuta.co\/?p=20505","title":{"rendered":"Gramalote \u201ces el proyecto que m\u00e1s horas de sue\u00f1o me ha quitado\u201d, Santos"},"content":{"rendered":"<p><b style=\"line-height: 1.5em;\">GRAMALOTE \u2013 Norte de Santander.-<\/b><span style=\"line-height: 1.5em;\"> Despu\u00e9s de 41 meses en la presidencia de la rep\u00fablica, Juan Manuel Santos reconoci\u00f3 que el proyecto que m\u00e1s le ha quitado el sue\u00f1o ha sido el del reasentamiento de Gramalote.<\/span><\/p>\n<p>\u201cEste es el proyecto que m\u00e1s horas de sue\u00f1o me ha quitado. Hasta no verlo completado, terminado, no voy a dormir tranquilo\u201d, dijo ante decenas de gramaloteros que escucharon expectantes las nuevas promesas y la reiteraci\u00f3n de compromisos para permitir que el pueblo se construya en Miraflores.<\/p>\n<p>Le pidi\u00f3 a la alcaldesa Sonia Rodr\u00edguez mantener comunicaci\u00f3n permanente con la Presidencia por intermedio de la secretaria Privada Cristina Plazas, porque su deseo es que \u201cGramalote quede mejor de lo que estaba, que sus hijos sientan que hay un municipio que tiene futuro\u201d.<\/p>\n<p>Ofreci\u00f3 apoyo del Gobierno para emprender una serie de obras que requiere el municipio y se comprometi\u00f3 a hacer que el proceso comience con todo el cuidado del caso.<\/p>\n<p>Entre los compromisos adquiridos, este 14 de enero, sobresalen:<\/p>\n<p>1.- V\u00edas. El Ministerio de Trasporte ha hecho un gran esfuerzo y ha dado recursos que, proporcionalmente, son mayores que al resto de los municipios para v\u00edas terciarias, $ 2300 millones, pero \u2018no son suficientes\u2019. \u201cVamos a hacer un esfuercito adicional con Gramalote, Ministra. Creo que puede comprometerse ahora y darles m\u00e1s recursos para v\u00edas terciarias.<\/p>\n<p>2.- Problemas con el agua. Esto no es un caso normal y por consiguiente no se le puede aplicar el mismo rasero de especificaciones a Gramalote. La Superintendencia de Servicios P\u00fablicos no les da una licencia porque no cumplen algunos requisitos. \u201c\u00bfC\u00f3mo puede cumplir si Gramalote desapareci\u00f3?\u201d. Ese trato diferencial se va a aplicar y se hara un esfuerzo adicional para solucionar estos inconvenientes.<\/p>\n<p>3.- Agro. \u201cOfrezco recursos adicionales en materia de productos productivos\u201d. La Federaci\u00f3n de Cafeteros beneficiar\u00e1 el sector, ayudar\u00e1 a comercializar el caf\u00e9 especial y encontrar\u00e1 un mercado especial. \u201cEse tipo de oportunidades son las que debemos aprovechar\u201d.<\/p>\n<p>4.- Tecnolog\u00eda. Las 1200 casas estar\u00e1n conectadas gratis a internet, para que los ni\u00f1os tengan acceso a la tecnolog\u00eda. \u201cPara que Gramalote sea un pueblo con un gran potencial virtual, traeremos profesores que les ense\u00f1en a los ni\u00f1os c\u00f3mo aprovechar la tecnolog\u00eda\u201d.<\/p>\n<p>5.- Equipos. \u201cLes ofrezco el mejor computador que tenga el mercado en ese momento para cada hogar\u201d.<\/p>\n<p>6.- Ayudas humanitarias. Continuar\u00e1n hasta que el pueblo est\u00e9 terminado. \u201cEso es de elemental justicia\u201d.<\/p>\n<p>7.- Viviendas rurales. Habr\u00e1 recursos para mejoramiento.<\/p>\n<p>\u201cQuiero resarcir la demora que hemos tenido. Puede que nos demoremos un poquito m\u00e1s en las obras de infraestructura que estamos haciendo, pero lo estamos haciendo bien. Me produce satisfacci\u00f3n, as\u00ed sea un poco tarde. Voy a poder dormir, a partir de hoy, un poco m\u00e1s tranquilo, porque veo que esto est\u00e1 encaminado en la direcci\u00f3n correcta\u201d.<\/p>\n<p><b>RAFAEL ANTONIO PAB\u00d3N<\/b><\/p>\n<p><b><a href=\"mailto:rafaelpabon58@hotmail.com\">rafaelpabon58@hotmail.com<\/a><\/b><\/p>\n<p>&nbsp; <\/p>\n","protected":false},"excerpt":{"rendered":"<p>GRAMALOTE \u2013 Norte de Santander.- Despu\u00e9s de 41 meses en la presidencia de la rep\u00fablica, Juan Manuel Santos reconoci\u00f3 que el proyecto que m\u00e1s le ha quitado el sue\u00f1o ha sido el del reasentamiento de Gramalote. \u201cEste es el proyecto que m\u00e1s horas de sue\u00f1o me ha quitado. Hasta no verlo completado, terminado, no voy &hellip;<\/p>\n","protected":false},"author":1,"featured_media":20506,"comment_status":"open","ping_status":"open","sticky":false,"template":"","format":"standard","meta":{"footnotes":""},"categories":[556,4],"tags":[13],"class_list":["post-20505","post","type-post","status-publish","format-standard","has-post-thumbnail","hentry","category-departamento","category-barra","tag-gramalote"],"_links":{"self":[{"href":"https:\/\/contraluzcucuta.co\/index.php?rest_route=\/wp\/v2\/posts\/20505","targetHints":{"allow":["GET"]}}],"collection":[{"href":"https:\/\/contraluzcucuta.co\/index.php?rest_route=\/wp\/v2\/posts"}],"about":[{"href":"https:\/\/contraluzcucuta.co\/index.php?rest_route=\/wp\/v2\/types\/post"}],"author":[{"embeddable":true,"href":"https:\/\/contraluzcucuta.co\/index.php?rest_route=\/wp\/v2\/users\/1"}],"replies":[{"embeddable":true,"href":"https:\/\/contraluzcucuta.co\/index.php?rest_route=%2Fwp%2Fv2%2Fcomments&post=20505"}],"version-history":[{"count":1,"href":"https:\/\/contraluzcucuta.co\/index.php?rest_route=\/wp\/v2\/posts\/20505\/revisions"}],"predecessor-version":[{"id":20507,"href":"https:\/\/contraluzcucuta.co\/index.php?rest_route=\/wp\/v2\/posts\/20505\/revisions\/20507"}],"wp:featuredmedia":[{"embeddable":true,"href":"https:\/\/contraluzcucuta.co\/index.php?rest_route=\/wp\/v2\/media\/20506"}],"wp:attachment":[{"href":"https:\/\/contraluzcucuta.co\/index.php?rest_route=%2Fwp%2Fv2%2Fmedia&parent=20505"}],"wp:term":[{"taxonomy":"category","embeddable":true,"href":"https:\/\/contraluzcucuta.co\/index.php?rest_route=%2Fwp%2Fv2%2Fcategories&post=20505"},{"taxonomy":"post_tag","embeddable":true,"href":"https:\/\/contraluzcucuta.co\/index.php?rest_route=%2Fwp%2Fv2%2Ftags&post=20505"}],"curies":[{"name":"wp","href":"https:\/\/api.w.org\/{rel}","templated":true}]}}