{"id":20502,"date":"2014-01-14T22:45:19","date_gmt":"2014-01-15T03:45:19","guid":{"rendered":"http:\/\/contraluzcucuta.co\/?p=20502"},"modified":"2014-01-14T22:45:19","modified_gmt":"2014-01-15T03:45:19","slug":"santos-pidio-perdon-por-la-demora-para-reasentar-a-gramalote","status":"publish","type":"post","link":"https:\/\/contraluzcucuta.co\/?p=20502","title":{"rendered":"Santos pidi\u00f3 perd\u00f3n por la demora para reasentar a Gramalote"},"content":{"rendered":"<p><b style=\"line-height: 1.5em;\">GRAMALOTE \u2013 Norte de Santander.-<\/b><span style=\"line-height: 1.5em;\"> El presidente Juan Manuel Santos se sincer\u00f3 delante de los gramaloteros, les pidi\u00f3 perd\u00f3n por la demora en la ejecuci\u00f3n del proyecto, or\u00f3 por la paz y revel\u00f3 aspectos que se manten\u00eda en reserva en cuanto a las decisiones oficiales para atender a los damnificados del desastre del 17 de diciembre de 2010.<\/span><\/p>\n<p>\u201cQuiero pedir perd\u00f3n\u201d, dijo, \u00a0por la demora en organizar el acto que se cumpli\u00f3 este 14 de enero, y por la tardanza en el proceso. \u201cHemos tenido todo tipo de dificultades. Se nos han presentado todo tipo de obst\u00e1culos\u201d. Han pasado tres a\u00f1os de la tragedia y mucho tiempo desde cuando se escogi\u00f3 el lugar para el reasentamiento del municipio. \u201cM\u00e1s vale tarde que nunca. Sobre todo, queremos hacer las cosas bien\u201d.<\/p>\n<p>Santos sobrevol\u00f3 a Gramalote al otro d\u00eda del siniestro (18 de diciembre de 2010) y vio la magnitud del desastre. \u201cNo les puedo contar a ustedes, porque lo vivieron en carne propia, nadie puede darles lecciones, porque son los que realmente sufrieron. Y han sufrido durante estos tres a\u00f1os las consecuencias\u201d.<\/p>\n<p>Cuando propuso reconstruir el pueblo una voz le aconsejo no comprometerse con esa empresa, porque \u2018es una aventura ambiciosa\u2019. Y le recomend\u00f3 darles unos est\u00edmulos a los afectados. \u2018Haga lo que usualmente se hace, que es darles unos pa\u00f1itos de agua tibia, algunos contentillos, y que los damnificados se busquen su futuro como puedan\u2019.<\/p>\n<p>La revelaci\u00f3n despert\u00f3 comentarios entre los gramaloteros, que mantuvieron aguzado el o\u00eddo para escuchar m\u00e1s pormenores de esos momentos tristes vividos. No prest\u00f3 atenci\u00f3n a las sugerencias y se propuso reconstruir el pueblo.<\/p>\n<p>\u201cHa habido dificultades normales. A veces por ineficiencia del Estado o del Gobierno\u201d, dijo en el acto de contrici\u00f3n delante de ministros; funcionarios nacionales, departamentales y municipales, pol\u00edticos y comunidad.<\/p>\n<p>El retraso se origin\u00f3 en el momento de escoger el lugar para ubicar el nuevo municipio. Inicialmente, se escogi\u00f3 a Pomarroso. Despu\u00e9s, al profundizar para hacer bien el trabajo, se encontr\u00f3 con que no era el sitio adecuado, porque tiene una tremenda inestabilidad.<\/p>\n<p>En cumplimiento de los estudios t\u00e9cnicos, prefiri\u00f3 sonrojarse un d\u00eda y pedir perd\u00f3n a la comunidad, a cometer el tremendo error, la tremenda irresponsabilidad, de construir semejante pueblo en un sitio de alto riesgo. \u201cPor eso tomamos la decisi\u00f3n de no hacerlo ah\u00ed\u201d, confes\u00f3.<\/p>\n<p>Al encontrar el terreno ideal, Miraflores, \u201cdijimos con el Fondo de Adaptaci\u00f3n hagamos un proyecto bien hecho, con todas las de la ley, bien dise\u00f1ado, bien planeado, para que la gente en el largo plazo quede en mejores condiciones\u201d.<\/p>\n<p>As\u00ed, el presidente Santos despej\u00f3 dudas en torno a la ubicaci\u00f3n del nuevo municipio. Algunos gramaloteros insisten en Pomarroso y han adelantado campa\u00f1as en favor de ese lugar.<\/p>\n<p>Record\u00f3 que les pidi\u00f3 a los encargados de poner en marcha el proceso que tomen en cuenta la voz de la comunidad, que la consulten, para que todos sientan que participaron directa o indirectamente, \u201cporque es importante que el pueblo nazca bien. Hemos querido hacer un proceso con esas caracter\u00edsticas\u201d.<\/p>\n<p>Resalt\u00f3 las cualidades de los constructores que han participado y asegur\u00f3 que son los mejores que tiene el pa\u00eds y saben de este negocio. Saben c\u00f3mo construir o reconstruir. \u201cMe siento tranquilo, porque lo que estamos haciendo lo estamos haciendo correctamente\u201d.<\/p>\n<p>Reconoci\u00f3 que quedan algunos problemas sobre varios terrenos por las diferencias en los precios. Le pidi\u00f3 al Ministerio de Vivienda que \u201csea garante de que los derechos de los propietarios se respeten y que les compren a un precio justo. Ah\u00ed todo el mundo queda contento\u201d.<\/p>\n<p><b>RAFAEL ANTONIO PAB\u00d3N<\/b><\/p>\n<p><b><a href=\"mailto:rafaelpabon58@hotmail.com\">rafaelpabon58@hotmail.com<\/a><\/b><\/p>\n<p><b>Fotos: MARCO S\u00daA<\/b><\/p>\n<p>&nbsp;<\/p>\n<p>&nbsp; <\/p>\n","protected":false},"excerpt":{"rendered":"<p>GRAMALOTE \u2013 Norte de Santander.- El presidente Juan Manuel Santos se sincer\u00f3 delante de los gramaloteros, les pidi\u00f3 perd\u00f3n por la demora en la ejecuci\u00f3n del proyecto, or\u00f3 por la paz y revel\u00f3 aspectos que se manten\u00eda en reserva en cuanto a las decisiones oficiales para atender a los damnificados del desastre del 17 de &hellip;<\/p>\n","protected":false},"author":1,"featured_media":20503,"comment_status":"open","ping_status":"open","sticky":false,"template":"","format":"standard","meta":{"footnotes":""},"categories":[556,4],"tags":[13,278],"class_list":["post-20502","post","type-post","status-publish","format-standard","has-post-thumbnail","hentry","category-departamento","category-barra","tag-gramalote","tag-presidente-juan-manuel-santos"],"_links":{"self":[{"href":"https:\/\/contraluzcucuta.co\/index.php?rest_route=\/wp\/v2\/posts\/20502","targetHints":{"allow":["GET"]}}],"collection":[{"href":"https:\/\/contraluzcucuta.co\/index.php?rest_route=\/wp\/v2\/posts"}],"about":[{"href":"https:\/\/contraluzcucuta.co\/index.php?rest_route=\/wp\/v2\/types\/post"}],"author":[{"embeddable":true,"href":"https:\/\/contraluzcucuta.co\/index.php?rest_route=\/wp\/v2\/users\/1"}],"replies":[{"embeddable":true,"href":"https:\/\/contraluzcucuta.co\/index.php?rest_route=%2Fwp%2Fv2%2Fcomments&post=20502"}],"version-history":[{"count":1,"href":"https:\/\/contraluzcucuta.co\/index.php?rest_route=\/wp\/v2\/posts\/20502\/revisions"}],"predecessor-version":[{"id":20504,"href":"https:\/\/contraluzcucuta.co\/index.php?rest_route=\/wp\/v2\/posts\/20502\/revisions\/20504"}],"wp:featuredmedia":[{"embeddable":true,"href":"https:\/\/contraluzcucuta.co\/index.php?rest_route=\/wp\/v2\/media\/20503"}],"wp:attachment":[{"href":"https:\/\/contraluzcucuta.co\/index.php?rest_route=%2Fwp%2Fv2%2Fmedia&parent=20502"}],"wp:term":[{"taxonomy":"category","embeddable":true,"href":"https:\/\/contraluzcucuta.co\/index.php?rest_route=%2Fwp%2Fv2%2Fcategories&post=20502"},{"taxonomy":"post_tag","embeddable":true,"href":"https:\/\/contraluzcucuta.co\/index.php?rest_route=%2Fwp%2Fv2%2Ftags&post=20502"}],"curies":[{"name":"wp","href":"https:\/\/api.w.org\/{rel}","templated":true}]}}