{"id":20493,"date":"2014-01-13T21:57:17","date_gmt":"2014-01-14T02:57:17","guid":{"rendered":"http:\/\/contraluzcucuta.co\/?p=20493"},"modified":"2014-01-14T22:58:20","modified_gmt":"2014-01-15T03:58:20","slug":"presidente-del-cucuta-despierta-la-pasion-de-los-aficionados","status":"publish","type":"post","link":"https:\/\/contraluzcucuta.co\/?p=20493","title":{"rendered":"Presidente del C\u00facuta despierta la pasi\u00f3n de los aficionados"},"content":{"rendered":"<p><b style=\"line-height: 1.5em;\">C\u00daCUTA.-<\/b><span style=\"line-height: 1.5em;\"> Jos\u00e9 Augusto Cadena Mora, presidente del C\u00facuta Deportivo, envi\u00f3 un saludo a los hinchas motilones y los invit\u00f3 a unirse a la campa\u00f1a \u2018Todos somos C\u00facuta 2014\u2019, con la que se pretende hacer frente com\u00fan para devolver el once rojinegro al grupo de los 18 equipos grandes del f\u00fatbol profesional colombiano.<\/span><\/p>\n<p>El directivo agradeci\u00f3 el apoyo al cuadro fronterizo y se\u00f1al\u00f3 que espera contar con el apoyo de cada uno de los cucute\u00f1os para que \u201cjuntos caminemos de regreso a la categor\u00eda A del f\u00fatbol profesional colombiano\u201d.<\/p>\n<p>Reconoci\u00f3 que en ese sitial debe estar el equipo, porque lo merece la hinchada incondicional con que cuenta el club. Los aficionados son \u201cel factor de desequilibrio natural cada vez que nos acompa\u00f1an en el\u00a0 estadio General\u00a0 Santander\u00a0 con ese aliento y emoci\u00f3n que trasmiten a nuestros jugadores\u201d.<\/p>\n<p>Como presidente, Cadena Mora garantiz\u00f3 trabajo, entrega y pasi\u00f3n en este reto propuesto. \u201cNo vacilaremos en poner todo de nosotros y pedirles a los jugadores que asuman un compromiso serio y responsable con nuestro reto\u201d.<\/p>\n<p>Dijo \u00a0\u00a0 que para cumplir el sue\u00f1o de volver a tener al C\u00facuta en la A se requiere del apoyo de la hinchada, la cuidad, los medios de comunicaci\u00f3n y todos los que sientan el club como propio.<\/p>\n<p>Invit\u00f3 a los cucute\u00f1os a construir una cultura deportiva de la mejor manera, acompa\u00f1ando al cuadro rojinegro cada vez que juegue de local. \u201cNo hay pretextos para no estar (en el estadio)\u201d.<\/p>\n<p>El apoyo incondicional de los hinchas pondr\u00e1 cada vez m\u00e1s cerca al equipo en el viaje de regreso\u00a0 a la categor\u00eda de honor del f\u00fatbol colombiano. El \u201ctorneo ser\u00e1 una competencia dura, apasionante y larga,\u00a0 pero con el fervor, pasi\u00f3n y fidelidad de todos ustedes al equipo se\u00a0 le har\u00e1 corta y placentera al final\u201d.<\/p>\n<p>El presidente motil\u00f3n les dijo a los aficionados que los espera en el General Santander, porque \u201ccada vez que se escuche el grito\u00a0 C\u00facuta Deportivo ser\u00e1\u00a0 parte fundamental de nuestra campa\u00f1a\u00a0 \u2018Todos somos C\u00facuta\u201d.<\/p>\n<p>&nbsp;<\/p>\n<p>&nbsp; <\/p>\n","protected":false},"excerpt":{"rendered":"<p>C\u00daCUTA.- Jos\u00e9 Augusto Cadena Mora, presidente del C\u00facuta Deportivo, envi\u00f3 un saludo a los hinchas motilones y los invit\u00f3 a unirse a la campa\u00f1a \u2018Todos somos C\u00facuta 2014\u2019, con la que se pretende hacer frente com\u00fan para devolver el once rojinegro al grupo de los 18 equipos grandes del f\u00fatbol profesional colombiano. El directivo agradeci\u00f3 &hellip;<\/p>\n","protected":false},"author":1,"featured_media":20494,"comment_status":"open","ping_status":"open","sticky":false,"template":"","format":"standard","meta":{"footnotes":""},"categories":[28],"tags":[192],"class_list":["post-20493","post","type-post","status-publish","format-standard","has-post-thumbnail","hentry","category-vistazo-deportivo","tag-cucuta-deportivo"],"_links":{"self":[{"href":"https:\/\/contraluzcucuta.co\/index.php?rest_route=\/wp\/v2\/posts\/20493","targetHints":{"allow":["GET"]}}],"collection":[{"href":"https:\/\/contraluzcucuta.co\/index.php?rest_route=\/wp\/v2\/posts"}],"about":[{"href":"https:\/\/contraluzcucuta.co\/index.php?rest_route=\/wp\/v2\/types\/post"}],"author":[{"embeddable":true,"href":"https:\/\/contraluzcucuta.co\/index.php?rest_route=\/wp\/v2\/users\/1"}],"replies":[{"embeddable":true,"href":"https:\/\/contraluzcucuta.co\/index.php?rest_route=%2Fwp%2Fv2%2Fcomments&post=20493"}],"version-history":[{"count":1,"href":"https:\/\/contraluzcucuta.co\/index.php?rest_route=\/wp\/v2\/posts\/20493\/revisions"}],"predecessor-version":[{"id":20495,"href":"https:\/\/contraluzcucuta.co\/index.php?rest_route=\/wp\/v2\/posts\/20493\/revisions\/20495"}],"wp:featuredmedia":[{"embeddable":true,"href":"https:\/\/contraluzcucuta.co\/index.php?rest_route=\/wp\/v2\/media\/20494"}],"wp:attachment":[{"href":"https:\/\/contraluzcucuta.co\/index.php?rest_route=%2Fwp%2Fv2%2Fmedia&parent=20493"}],"wp:term":[{"taxonomy":"category","embeddable":true,"href":"https:\/\/contraluzcucuta.co\/index.php?rest_route=%2Fwp%2Fv2%2Fcategories&post=20493"},{"taxonomy":"post_tag","embeddable":true,"href":"https:\/\/contraluzcucuta.co\/index.php?rest_route=%2Fwp%2Fv2%2Ftags&post=20493"}],"curies":[{"name":"wp","href":"https:\/\/api.w.org\/{rel}","templated":true}]}}